{"id":10090,"date":"2021-01-28T16:06:10","date_gmt":"2021-01-28T15:06:10","guid":{"rendered":"https:\/\/remediumbag.eu\/remediumwp\/?p=10090"},"modified":"2021-02-08T21:40:27","modified_gmt":"2021-02-08T20:40:27","slug":"torba-weganska-po-prostu","status":"publish","type":"post","link":"https:\/\/remediumbag.eu\/remediumwp\/torba-weganska-po-prostu\/","title":{"rendered":"Torba wega\u0144ska  Po Prostu"},"content":{"rendered":"\n<hr class=\"wp-block-separator is-style-wide\"\/>\n\n\n<style>.wp-block-kadence-advancedheading.kt-adv-heading_3e23ce-2c, .wp-block-kadence-advancedheading.kt-adv-heading_3e23ce-2c[data-kb-block=\"kb-adv-heading_3e23ce-2c\"]{text-align:center;font-style:normal;}.wp-block-kadence-advancedheading.kt-adv-heading_3e23ce-2c mark, .wp-block-kadence-advancedheading.kt-adv-heading_3e23ce-2c[data-kb-block=\"kb-adv-heading_3e23ce-2c\"] mark{font-style:normal;color:#f76a0c;padding-top:0px;padding-right:0px;padding-bottom:0px;padding-left:0px;}<\/style>\n<h3 class=\"kt-adv-heading_3e23ce-2c wp-block-kadence-advancedheading has-pinnacle-primary-color\" data-kb-block=\"kb-adv-heading_3e23ce-2c\">Du\u017ca torba na rami\u0119 lub do r\u0119ki<\/h3>\n\n\n<style>.wp-block-kadence-spacer.kt-block-spacer-_4d8be2-f3 .kt-block-spacer{height:25px;}.wp-block-kadence-spacer.kt-block-spacer-_4d8be2-f3 .kt-divider{border-top-width:1px;height:1px;border-top-color:#eee;width:80%;border-top-style:dotted;}<\/style>\n<div class=\"wp-block-kadence-spacer aligncenter kt-block-spacer-_4d8be2-f3\"><div class=\"kt-block-spacer kt-block-spacer-halign-center\" style=\"height:25px\"><hr class=\"kt-divider\" style=\"border-top-color:rgba(238, 238, 238, 1);border-top-width:1px;width:80%;border-top-style:dotted\"\/><\/div><\/div>\n\n\n<div data-block-name=\"woocommerce\/product-category\" data-columns=\"4\" data-categories=\"[187]\" data-content-visibility=\"{&quot;title&quot;:true,&quot;price&quot;:true,&quot;rating&quot;:true,&quot;button&quot;:false}\" class=\"wc-block-grid wp-block-product-category wc-block-product-category has-4-columns has-multiple-rows\"><ul class=\"wc-block-grid__products\"><li class=\"wc-block-grid__product\">\n\t\t\t\t<a href=\"https:\/\/remediumbag.eu\/remediumwp\/sklep\/torba-plecak-plotno-gleboka-czern\/\" class=\"wc-block-grid__product-link\">\n\t\t\t\t\t<div class=\"wc-block-grid__product-image\"><img width=\"400\" height=\"449\" src=\"https:\/\/remediumbag.eu\/remediumwp\/wp-content\/uploads\/2021\/11\/IMG_9319-400x449.jpg\" class=\"attachment-woocommerce_thumbnail size-woocommerce_thumbnail\" alt=\"torba plecak czarny bezdro\u017ca z p\u0142\u00f3tna bawe\u0142nianego\" decoding=\"async\" srcset=\"https:\/\/remediumbag.eu\/remediumwp\/wp-content\/uploads\/2021\/11\/IMG_9319-400x449.jpg 400w, https:\/\/remediumbag.eu\/remediumwp\/wp-content\/uploads\/2021\/11\/IMG_9319-713x800.jpg 713w, https:\/\/remediumbag.eu\/remediumwp\/wp-content\/uploads\/2021\/11\/IMG_9319-768x862.jpg 768w, https:\/\/remediumbag.eu\/remediumwp\/wp-content\/uploads\/2021\/11\/IMG_9319-740x830.jpg 740w, https:\/\/remediumbag.eu\/remediumwp\/wp-content\/uploads\/2021\/11\/IMG_9319-370x415.jpg 370w, https:\/\/remediumbag.eu\/remediumwp\/wp-content\/uploads\/2021\/11\/IMG_9319.jpg 1069w\" sizes=\"(max-width: 400px) 100vw, 400px\" title=\"\"><\/div>\n\t\t\t\t\t<div class=\"wc-block-grid__product-title\">Torba plecak p\u0142\u00f3tno g\u0142\u0119boka czer\u0144<\/div>\n\t\t\t\t<\/a>\n\t\t\t\t\n\t\t\t\t<div class=\"wc-block-grid__product-price price\"><span class=\"woocommerce-Price-amount amount\"><bdi>220,00&nbsp;<span class=\"woocommerce-Price-currencySymbol\">&#122;&#322;<\/span><\/bdi><\/span><\/div>\n\t\t\t\t\n\t\t\t\t\n\t\t\t<\/li><li class=\"wc-block-grid__product\">\n\t\t\t\t<a href=\"https:\/\/remediumbag.eu\/remediumwp\/sklep\/torba-lniana-naturalna\/\" class=\"wc-block-grid__product-link\">\n\t\t\t\t\t<div class=\"wc-block-grid__product-image\"><img width=\"400\" height=\"598\" src=\"https:\/\/remediumbag.eu\/remediumwp\/wp-content\/uploads\/2021\/03\/torba-lniana-naturalna-5-400x598.jpg\" class=\"attachment-woocommerce_thumbnail size-woocommerce_thumbnail\" alt=\"torba lniana naturalna w kolorze jasno-szarym lekko w lekko zielonkawym odcieniu\" decoding=\"async\" srcset=\"https:\/\/remediumbag.eu\/remediumwp\/wp-content\/uploads\/2021\/03\/torba-lniana-naturalna-5-400x598.jpg 400w, https:\/\/remediumbag.eu\/remediumwp\/wp-content\/uploads\/2021\/03\/torba-lniana-naturalna-5-535x800.jpg 535w, https:\/\/remediumbag.eu\/remediumwp\/wp-content\/uploads\/2021\/03\/torba-lniana-naturalna-5-768x1147.jpg 768w, https:\/\/remediumbag.eu\/remediumwp\/wp-content\/uploads\/2021\/03\/torba-lniana-naturalna-5-740x1106.jpg 740w, https:\/\/remediumbag.eu\/remediumwp\/wp-content\/uploads\/2021\/03\/torba-lniana-naturalna-5-370x553.jpg 370w, https:\/\/remediumbag.eu\/remediumwp\/wp-content\/uploads\/2021\/03\/torba-lniana-naturalna-5.jpg 1000w\" sizes=\"(max-width: 400px) 100vw, 400px\" title=\"\"><\/div>\n\t\t\t\t\t<div class=\"wc-block-grid__product-title\">Torba lniana Naturalna<\/div>\n\t\t\t\t<\/a>\n\t\t\t\t\n\t\t\t\t<div class=\"wc-block-grid__product-price price\"><span class=\"woocommerce-Price-amount amount\"><bdi>150,00&nbsp;<span class=\"woocommerce-Price-currencySymbol\">&#122;&#322;<\/span><\/bdi><\/span><\/div>\n\t\t\t\t\n\t\t\t\t\n\t\t\t<\/li><li class=\"wc-block-grid__product\">\n\t\t\t\t<a href=\"https:\/\/remediumbag.eu\/remediumwp\/sklep\/czarna-torba-lniana-1\/\" class=\"wc-block-grid__product-link\">\n\t\t\t\t\t<div class=\"wc-block-grid__product-image\"><img width=\"400\" height=\"600\" src=\"https:\/\/remediumbag.eu\/remediumwp\/wp-content\/uploads\/2021\/03\/IMG_8386-400x600.jpg\" class=\"attachment-woocommerce_thumbnail size-woocommerce_thumbnail\" alt=\"Czarna torba lniana Czarny Bez - torba du\u017ca w rodzaju torby na zakupy z dwoma do\u015b\u0107 d\u0142ugimi uchwytami r\u00f3wnie\u017c lnianymi. T\u0142o grafitowe.\" decoding=\"async\" srcset=\"https:\/\/remediumbag.eu\/remediumwp\/wp-content\/uploads\/2021\/03\/IMG_8386-400x600.jpg 400w, https:\/\/remediumbag.eu\/remediumwp\/wp-content\/uploads\/2021\/03\/IMG_8386-533x800.jpg 533w, https:\/\/remediumbag.eu\/remediumwp\/wp-content\/uploads\/2021\/03\/IMG_8386-768x1152.jpg 768w, https:\/\/remediumbag.eu\/remediumwp\/wp-content\/uploads\/2021\/03\/IMG_8386-740x1110.jpg 740w, https:\/\/remediumbag.eu\/remediumwp\/wp-content\/uploads\/2021\/03\/IMG_8386-370x555.jpg 370w, https:\/\/remediumbag.eu\/remediumwp\/wp-content\/uploads\/2021\/03\/IMG_8386.jpg 1000w\" sizes=\"(max-width: 400px) 100vw, 400px\" title=\"\"><\/div>\n\t\t\t\t\t<div class=\"wc-block-grid__product-title\">Torba lniana Czarny bez<\/div>\n\t\t\t\t<\/a>\n\t\t\t\t\n\t\t\t\t<div class=\"wc-block-grid__product-price price\"><span class=\"woocommerce-Price-amount amount\"><bdi>150,00&nbsp;<span class=\"woocommerce-Price-currencySymbol\">&#122;&#322;<\/span><\/bdi><\/span><\/div>\n\t\t\t\t\n\t\t\t\t\n\t\t\t<\/li><li class=\"wc-block-grid__product\">\n\t\t\t\t<a href=\"https:\/\/remediumbag.eu\/remediumwp\/sklep\/torba-z-papieru-po-prostu-z-printem-3\/\" class=\"wc-block-grid__product-link\">\n\t\t\t\t\t<div class=\"wc-block-grid__product-image\"><img width=\"400\" height=\"267\" src=\"https:\/\/remediumbag.eu\/remediumwp\/wp-content\/uploads\/2020\/12\/torba-simple-szara-5-400x267.jpg\" class=\"attachment-woocommerce_thumbnail size-woocommerce_thumbnail\" alt=\"Du\u017ca torba z papieru z szarym printem na ca\u0142ej powierzchni, na czarnym pasku. Do noszenia na ramieniu..\" decoding=\"async\" srcset=\"https:\/\/remediumbag.eu\/remediumwp\/wp-content\/uploads\/2020\/12\/torba-simple-szara-5-400x267.jpg 400w, https:\/\/remediumbag.eu\/remediumwp\/wp-content\/uploads\/2020\/12\/torba-simple-szara-5.jpg 1200w, https:\/\/remediumbag.eu\/remediumwp\/wp-content\/uploads\/2020\/12\/torba-simple-szara-5-768x512.jpg 768w, https:\/\/remediumbag.eu\/remediumwp\/wp-content\/uploads\/2020\/12\/torba-simple-szara-5-600x400.jpg 600w, https:\/\/remediumbag.eu\/remediumwp\/wp-content\/uploads\/2020\/12\/torba-simple-szara-5-272x182.jpg 272w, https:\/\/remediumbag.eu\/remediumwp\/wp-content\/uploads\/2020\/12\/torba-simple-szara-5-740x494.jpg 740w, https:\/\/remediumbag.eu\/remediumwp\/wp-content\/uploads\/2020\/12\/torba-simple-szara-5-370x247.jpg 370w\" sizes=\"(max-width: 400px) 100vw, 400px\" title=\"\"><\/div>\n\t\t\t\t\t<div class=\"wc-block-grid__product-title\">du\u017ca torba z papieru po prostu z printem<\/div>\n\t\t\t\t<\/a>\n\t\t\t\t\n\t\t\t\t<div class=\"wc-block-grid__product-price price\"><span class=\"woocommerce-Price-amount amount\"><bdi>220,00&nbsp;<span class=\"woocommerce-Price-currencySymbol\">&#122;&#322;<\/span><\/bdi><\/span><\/div>\n\t\t\t\t\n\t\t\t\t\n\t\t\t<\/li><li class=\"wc-block-grid__product\">\n\t\t\t\t<a href=\"https:\/\/remediumbag.eu\/remediumwp\/sklep\/torba-z-papieru-po-prostu-z-printem-2\/\" class=\"wc-block-grid__product-link\">\n\t\t\t\t\t<div class=\"wc-block-grid__product-image\"><img width=\"400\" height=\"545\" src=\"https:\/\/remediumbag.eu\/remediumwp\/wp-content\/uploads\/2020\/12\/torba-simple-narrow-1-400x545.jpg\" class=\"attachment-woocommerce_thumbnail size-woocommerce_thumbnail\" alt=\"torba z papieru z grafitowym printem na ca\u0142ej powierzchni. Torba typu szoperka, ale w\u0119\u017csza i mniejsza, z widoczn\u0105 kieszonk\u0105 na zewn\u0105trz, kt\u00f3r\u0105 mo\u017cna zdj\u0105\u0107 i nosi\u0107 na pasku.\" decoding=\"async\" srcset=\"https:\/\/remediumbag.eu\/remediumwp\/wp-content\/uploads\/2020\/12\/torba-simple-narrow-1-400x545.jpg 400w, https:\/\/remediumbag.eu\/remediumwp\/wp-content\/uploads\/2020\/12\/torba-simple-narrow-1-294x400.jpg 294w, https:\/\/remediumbag.eu\/remediumwp\/wp-content\/uploads\/2020\/12\/torba-simple-narrow-1-587x800.jpg 587w, https:\/\/remediumbag.eu\/remediumwp\/wp-content\/uploads\/2020\/12\/torba-simple-narrow-1-768x1046.jpg 768w, https:\/\/remediumbag.eu\/remediumwp\/wp-content\/uploads\/2020\/12\/torba-simple-narrow-1-740x1008.jpg 740w, https:\/\/remediumbag.eu\/remediumwp\/wp-content\/uploads\/2020\/12\/torba-simple-narrow-1-370x504.jpg 370w, https:\/\/remediumbag.eu\/remediumwp\/wp-content\/uploads\/2020\/12\/torba-simple-narrow-1.jpg 881w\" sizes=\"(max-width: 400px) 100vw, 400px\" title=\"\"><\/div>\n\t\t\t\t\t<div class=\"wc-block-grid__product-title\">torba z papieru po prostu z printem<\/div>\n\t\t\t\t<\/a>\n\t\t\t\t\n\t\t\t\t<div class=\"wc-block-grid__product-price price\"><span class=\"woocommerce-Price-amount amount\"><bdi>200,00&nbsp;<span class=\"woocommerce-Price-currencySymbol\">&#122;&#322;<\/span><\/bdi><\/span><\/div>\n\t\t\t\t\n\t\t\t\t\n\t\t\t<\/li><li class=\"wc-block-grid__product\">\n\t\t\t\t<a href=\"https:\/\/remediumbag.eu\/remediumwp\/sklep\/torba-z-papieru-po-prostu-z-printem-1\/\" class=\"wc-block-grid__product-link\">\n\t\t\t\t\t<div class=\"wc-block-grid__product-image\"><img width=\"400\" height=\"554\" src=\"https:\/\/remediumbag.eu\/remediumwp\/wp-content\/uploads\/2020\/12\/torba-simple-papier-1-400x554.jpg\" class=\"attachment-woocommerce_thumbnail size-woocommerce_thumbnail\" alt=\"smuk\u0142a mniejsza torba z papieru na rami\u0119 typu szoperka. Unikalna z powodu niepowtarzalnego grafitowego printu.\" decoding=\"async\" srcset=\"https:\/\/remediumbag.eu\/remediumwp\/wp-content\/uploads\/2020\/12\/torba-simple-papier-1-400x554.jpg 400w, https:\/\/remediumbag.eu\/remediumwp\/wp-content\/uploads\/2020\/12\/torba-simple-papier-1-289x400.jpg 289w, https:\/\/remediumbag.eu\/remediumwp\/wp-content\/uploads\/2020\/12\/torba-simple-papier-1-577x800.jpg 577w, https:\/\/remediumbag.eu\/remediumwp\/wp-content\/uploads\/2020\/12\/torba-simple-papier-1-768x1064.jpg 768w, https:\/\/remediumbag.eu\/remediumwp\/wp-content\/uploads\/2020\/12\/torba-simple-papier-1-740x1026.jpg 740w, https:\/\/remediumbag.eu\/remediumwp\/wp-content\/uploads\/2020\/12\/torba-simple-papier-1-370x513.jpg 370w, https:\/\/remediumbag.eu\/remediumwp\/wp-content\/uploads\/2020\/12\/torba-simple-papier-1.jpg 866w\" sizes=\"(max-width: 400px) 100vw, 400px\" title=\"\"><\/div>\n\t\t\t\t\t<div class=\"wc-block-grid__product-title\">torba z papieru po prostu z printem<\/div>\n\t\t\t\t<\/a>\n\t\t\t\t\n\t\t\t\t<div class=\"wc-block-grid__product-price price\"><span class=\"woocommerce-Price-amount amount\"><bdi>200,00&nbsp;<span class=\"woocommerce-Price-currencySymbol\">&#122;&#322;<\/span><\/bdi><\/span><\/div>\n\t\t\t\t\n\t\t\t\t\n\t\t\t<\/li><li class=\"wc-block-grid__product\">\n\t\t\t\t<a href=\"https:\/\/remediumbag.eu\/remediumwp\/sklep\/torba-z-papieru-po-prostu-szara-z-printem\/\" class=\"wc-block-grid__product-link\">\n\t\t\t\t\t<div class=\"wc-block-grid__product-image\"><img width=\"400\" height=\"600\" src=\"https:\/\/remediumbag.eu\/remediumwp\/wp-content\/uploads\/2020\/11\/simple_wzor3_5-400x600.jpg\" class=\"attachment-woocommerce_thumbnail size-woocommerce_thumbnail\" alt=\"du\u017ca szaro grafitowa torba z papieru do szycia i prania, o kroju szoperki, z szerokim bokiem. Ucha torby s\u0105 wykonane z czarnej ta\u015bmy bawe\u0142nianej . Naprawd\u0119 du\u017ca!\" decoding=\"async\" srcset=\"https:\/\/remediumbag.eu\/remediumwp\/wp-content\/uploads\/2020\/11\/simple_wzor3_5-400x600.jpg 400w, https:\/\/remediumbag.eu\/remediumwp\/wp-content\/uploads\/2020\/11\/simple_wzor3_5-267x400.jpg 267w, https:\/\/remediumbag.eu\/remediumwp\/wp-content\/uploads\/2020\/11\/simple_wzor3_5-533x800.jpg 533w, https:\/\/remediumbag.eu\/remediumwp\/wp-content\/uploads\/2020\/11\/simple_wzor3_5-768x1152.jpg 768w, https:\/\/remediumbag.eu\/remediumwp\/wp-content\/uploads\/2020\/11\/simple_wzor3_5-740x1110.jpg 740w, https:\/\/remediumbag.eu\/remediumwp\/wp-content\/uploads\/2020\/11\/simple_wzor3_5-370x555.jpg 370w, https:\/\/remediumbag.eu\/remediumwp\/wp-content\/uploads\/2020\/11\/simple_wzor3_5.jpg 800w\" sizes=\"(max-width: 400px) 100vw, 400px\" title=\"\"><\/div>\n\t\t\t\t\t<div class=\"wc-block-grid__product-title\">torba z papieru po prostu szara z printem<\/div>\n\t\t\t\t<\/a>\n\t\t\t\t\n\t\t\t\t<div class=\"wc-block-grid__product-price price\"><span class=\"woocommerce-Price-amount amount\"><bdi>220,00&nbsp;<span class=\"woocommerce-Price-currencySymbol\">&#122;&#322;<\/span><\/bdi><\/span><\/div>\n\t\t\t\t\n\t\t\t\t\n\t\t\t<\/li><li class=\"wc-block-grid__product\">\n\t\t\t\t<a href=\"https:\/\/remediumbag.eu\/remediumwp\/sklep\/torba-z-papieru-po-prostu-oz\/\" class=\"wc-block-grid__product-link\">\n\t\t\t\t\t<div class=\"wc-block-grid__product-image\"><img width=\"400\" height=\"617\" src=\"https:\/\/remediumbag.eu\/remediumwp\/wp-content\/uploads\/2019\/06\/torba_orzech_zielona_3-400x617.jpg\" class=\"attachment-woocommerce_thumbnail size-woocommerce_thumbnail\" alt=\"torba z papieru orzech i zielona\" decoding=\"async\" srcset=\"https:\/\/remediumbag.eu\/remediumwp\/wp-content\/uploads\/2019\/06\/torba_orzech_zielona_3-400x617.jpg 400w, https:\/\/remediumbag.eu\/remediumwp\/wp-content\/uploads\/2019\/06\/torba_orzech_zielona_3-260x400.jpg 260w, https:\/\/remediumbag.eu\/remediumwp\/wp-content\/uploads\/2019\/06\/torba_orzech_zielona_3.jpg 519w, https:\/\/remediumbag.eu\/remediumwp\/wp-content\/uploads\/2019\/06\/torba_orzech_zielona_3-370x570.jpg 370w\" sizes=\"(max-width: 400px) 100vw, 400px\" title=\"\"><\/div>\n\t\t\t\t\t<div class=\"wc-block-grid__product-title\">torba z papieru po prostu orzech i zielona<\/div>\n\t\t\t\t<\/a>\n\t\t\t\t\n\t\t\t\t<div class=\"wc-block-grid__product-price price\"><span class=\"woocommerce-Price-amount amount\"><bdi>160,00&nbsp;<span class=\"woocommerce-Price-currencySymbol\">&#122;&#322;<\/span><\/bdi><\/span><\/div>\n\t\t\t\t\n\t\t\t\t\n\t\t\t<\/li><li class=\"wc-block-grid__product\">\n\t\t\t\t<a href=\"https:\/\/remediumbag.eu\/remediumwp\/sklep\/torba-z-papieru-po-prostu-zo\/\" class=\"wc-block-grid__product-link\">\n\t\t\t\t\t<div class=\"wc-block-grid__product-image\"><img width=\"400\" height=\"606\" src=\"https:\/\/remediumbag.eu\/remediumwp\/wp-content\/uploads\/2019\/06\/torba_zielona_orzech_3-400x606.jpg\" class=\"attachment-woocommerce_thumbnail size-woocommerce_thumbnail\" alt=\"torba z papieru zielona i orzech\" decoding=\"async\" srcset=\"https:\/\/remediumbag.eu\/remediumwp\/wp-content\/uploads\/2019\/06\/torba_zielona_orzech_3-400x606.jpg 400w, https:\/\/remediumbag.eu\/remediumwp\/wp-content\/uploads\/2019\/06\/torba_zielona_orzech_3-264x400.jpg 264w, https:\/\/remediumbag.eu\/remediumwp\/wp-content\/uploads\/2019\/06\/torba_zielona_orzech_3.jpg 528w, https:\/\/remediumbag.eu\/remediumwp\/wp-content\/uploads\/2019\/06\/torba_zielona_orzech_3-370x561.jpg 370w\" sizes=\"(max-width: 400px) 100vw, 400px\" title=\"\"><\/div>\n\t\t\t\t\t<div class=\"wc-block-grid__product-title\">torba z papieru po prostu zielona i orzech<\/div>\n\t\t\t\t<\/a>\n\t\t\t\t\n\t\t\t\t<div class=\"wc-block-grid__product-price price\"><span class=\"woocommerce-Price-amount amount\"><bdi>160,00&nbsp;<span class=\"woocommerce-Price-currencySymbol\">&#122;&#322;<\/span><\/bdi><\/span><\/div>\n\t\t\t\t\n\t\t\t\t\n\t\t\t<\/li><\/ul><\/div>\n\n\n<hr class=\"wp-block-separator\"\/>\n\n\n<style>.wp-block-kadence-spacer.kt-block-spacer-_4cb2c8-70 .kt-block-spacer{height:60px;}.wp-block-kadence-spacer.kt-block-spacer-_4cb2c8-70 .kt-divider{border-top-width:1px;height:1px;border-top-color:#eee;width:80%;border-top-style:dotted;}<\/style>\n<div class=\"wp-block-kadence-spacer aligncenter kt-block-spacer-_4cb2c8-70\"><div class=\"kt-block-spacer kt-block-spacer-halign-center\" style=\"height:60px\"><hr class=\"kt-divider\" style=\"border-top-color:rgba(238, 238, 238, 1);border-top-width:1px;width:80%;border-top-style:dotted\"\/><\/div><\/div>\n\n\n\n<hr class=\"wp-block-separator is-style-wide\"\/>\n\n\n\n<div class=\"wp-block-media-text alignwide is-vertically-aligned-top is-image-fill\" style=\"grid-template-columns:49% auto\"><figure class=\"wp-block-media-text__media\" style=\"background-image:url(https:\/\/remediumbag.eu\/remediumwp\/wp-content\/uploads\/2020\/11\/001-3-scaled.jpg);background-position:68% 44%\"><img decoding=\"async\" width=\"1798\" height=\"1200\" src=\"https:\/\/remediumbag.eu\/remediumwp\/wp-content\/uploads\/2020\/11\/001-3-scaled.jpg\" alt=\"Du\u017ca prosta torba wega\u0144ska z papieru z printem grafitowym. Torba na ramie z dwoma uchami.\" class=\"wp-image-9618 size-full\" srcset=\"https:\/\/remediumbag.eu\/remediumwp\/wp-content\/uploads\/2020\/11\/001-3-scaled.jpg 1798w, https:\/\/remediumbag.eu\/remediumwp\/wp-content\/uploads\/2020\/11\/001-3-400x267.jpg 400w, https:\/\/remediumbag.eu\/remediumwp\/wp-content\/uploads\/2020\/11\/001-3-1198x800.jpg 1198w, https:\/\/remediumbag.eu\/remediumwp\/wp-content\/uploads\/2020\/11\/001-3-768x513.jpg 768w, https:\/\/remediumbag.eu\/remediumwp\/wp-content\/uploads\/2020\/11\/001-3-600x400.jpg 600w, https:\/\/remediumbag.eu\/remediumwp\/wp-content\/uploads\/2020\/11\/001-3-1536x1025.jpg 1536w, https:\/\/remediumbag.eu\/remediumwp\/wp-content\/uploads\/2020\/11\/001-3-1200x801.jpg 1200w, https:\/\/remediumbag.eu\/remediumwp\/wp-content\/uploads\/2020\/11\/001-3-272x182.jpg 272w, https:\/\/remediumbag.eu\/remediumwp\/wp-content\/uploads\/2020\/11\/001-3-scaled-1348x900.jpg 1348w, https:\/\/remediumbag.eu\/remediumwp\/wp-content\/uploads\/2020\/11\/001-3-scaled-674x450.jpg 674w\" sizes=\"(max-width: 1798px) 100vw, 1798px\" title=\"\"><\/figure><div class=\"wp-block-media-text__content\">\n<h2>Kolekcja toreb o minimalistycznym kroju<\/h2>\n\n\n<style>.wp-block-kadence-spacer.kt-block-spacer-_111979-93 .kt-block-spacer{height:60px;}.wp-block-kadence-spacer.kt-block-spacer-_111979-93 .kt-divider{border-top-width:1px;height:1px;border-top-color:#eee;width:22%;border-top-style:dotted;}<\/style>\n<div class=\"wp-block-kadence-spacer aligncenter kt-block-spacer-_111979-93\"><div class=\"kt-block-spacer kt-block-spacer-halign-center\" style=\"height:60px\"><hr class=\"kt-divider\" style=\"border-top-color:rgba(238, 238, 238, 1);border-top-width:1px;width:22%;border-top-style:dotted\"\/><\/div><\/div>\n\n\n\n<p>My\u015bl\u0119, \u017ce z powodu klasycznego kroju w tej kolekcji wiele os\u00f3b przekona si\u0119 do alternatywnych materia\u0142\u00f3w i taka torba wega\u0144ska na sta\u0142e zago\u015bci na waszym ramieniu i w codziennych &#8211; niecodziennych stylizacjach.<\/p>\n\n\n\n<p>Kolekcja Po prostu jest drug\u0105 kolekcj\u0105 du\u017cych toreb, po do\u015b\u0107 nieoczywistej, geometrycznej <a href=\"https:\/\/remediumbag.eu\/remediumwp\/torba-z-papieru-kolekcja-origami-city\/\" class=\"rank-math-link\">kolekcji origami<\/a>. Postawi\u0142am w niej na proste klasyczne rozwi\u0105zania dodaj\u0105c drobne autorskie rozwi\u0105zania. Kolekcja ta to dwa podstawowe modele &#8211; z jednym, lub dwoma uchwytami. <\/p>\n\n\n\n<p>Torby na rami\u0119 z pojedynczym uchwytem maj\u0105 ciekawy kr\u00f3j, gdzie pasek wszywany jest przez ca\u0142\u0105 d\u0142ugo\u015b\u0107 bok\u00f3w torby. Daje to mo\u017cliwo\u015b\u0107 uszycia torby bez przewracania na drug\u0105 stron\u0119 i dodaje nieco &#8220;poszerzonego&#8221; kszta\u0142tu. W przypadku materia\u0142u papierowego oznacza to, \u017ce powierzchnia torby pozostaje g\u0142adka. Proces postarzania nast\u0105pi oczywi\u015bcie p\u00f3\u017aniej w trakcie u\u017cytkowania i prania.<\/p>\n\n\n\n<p>W przypadku torby z dwoma uchami cz\u0119sto stosuj\u0119 to oryginalne zszywanie bok\u00f3w, ale r\u00f3wnie\u017c pojawiaj\u0105 si\u0119 modele z papieru, kt\u00f3re s\u0105 wywijane i wtedy od razu maj\u0105 efekt pogniecionej powierzchni.<\/p>\n\n\n\n<h2>Z jakich materia\u0142\u00f3w zrobiona jest torba wega\u0144ska w kolekcji Po Prostu?<\/h2>\n\n\n\n<p>Torby Po prostu powstaj\u0105 te\u017c z innych materia\u0142\u00f3w &#8211; lnu, brezentu lnianego (gruby impregnowany len) oraz z tkanin odnalezionych. Takie tkaniny wyszukuj\u0119 zagubione w hurtowaniach albo na aukcjach internetowych. Ka\u017cda torba to oczywi\u015bcie torba wega\u0144ska &#8211; uchwyty wykonane s\u0105 z ta\u015bmy lnianej, bawe\u0142nianej, lub konopnej, albo uszyte s\u0105 tego samego materia\u0142u co torba.<\/p>\n<\/div><\/div>\n\n\n\n<div class=\"is-layout-flow wp-block-group\"><div class=\"wp-block-group__inner-container\">\n<div class=\"is-layout-flex wp-container-6 wp-block-columns\">\n<div class=\"is-layout-flow wp-block-column\" style=\"flex-basis:66.67%\">\n<p>Koncepcja prostych toreb jest r\u00f3wnie\u017c zgodna z filozofi\u0105 less waste &#8211; prosty kr\u00f3j to optymalne zu\u017cycie materia\u0142u, przy produkcji nie ma niepotrzebnych skrawk\u00f3w tkaniny. <a aria-label=\"Zasady (opens in a new tab)\" href=\"https:\/\/remediumbag.eu\/remediumwp\/moda-zrownowazona\/\" target=\"_blank\" rel=\"noreferrer noopener\" class=\"rank-math-link\">Zasady<\/a> kt\u00f3rych trzymam si\u0119 przy powstawaniu produktu, doprowadzi\u0142y do ostatecznego wygl\u0105du ka\u017cdej z kolekcji:<\/p>\n\n\n\n<ul><li>torby s\u0105 funkcjonalne &#8211; du\u017c\u0105 torba z papieru, czy z innego materia\u0142u posiada smycz do kluczy i ma\u0142\u0105 saszetk\u0119 na dokumenty i telefon. Te akcesoria mo\u017cna wpina\u0107 w metalowe k\u00f3\u0142ka znajduj\u0105ce si\u0119 w \u015brodku torby<\/li><li>uchwyt torby jest bardzo szeroki z mocnej ta\u015bmy lnianej, konopnej lub bawe\u0142nianej &#8211; wygodnie si\u0119 j\u0105 nosi, mimo gabaryt\u00f3w.<\/li><li> nie s\u0105 produktem z\u0142o\u017conym &#8211; du\u017ce torby nie posiadaj\u0105 podszewki, dlatego na materia\u0142 wybieram tkaniny grubsze i trwa\u0142e<\/li><li>minimum dodatk\u00f3w metalowych &#8211; dodaje k\u00f3\u0142ka metalowe do wpinania akcesori\u00f3w w \u015brodku, kt\u00f3re \u0142atwo odci\u0105\u0107. Smycz r\u00f3wnie\u017c ma metalowy karabi\u0144czyk, kt\u00f3ry mo\u017cna dalej wykorzysta\u0107<\/li><li>drugie \u017cycie torebki &#8211; papierowa tkanina, a tak\u017ce len i tyvek pi\u0119knie si\u0119 starzej\u0105, a prosty kr\u00f3j u\u0142atwia ewentualne naprawy. \u0141atwo te\u017c wymy\u015bli\u0107 im now\u0105 funkcj\u0119 &#8211; np. torb\u0119 mo\u017cna przekszta\u0142ci\u0107, praktycznie bez szycia w domowy kosz na przechowywania, lub nawet dwa (ale to ju\u017c z szyciem)<\/li><li>tak, jak wszystkie produktu marki Remediumbag, torebki z tej kolekcji s\u0105 ca\u0142kowicie wega\u0144skie. Co to w\u0142a\u015bciwie znaczy torba wega\u0144ska <a aria-label=\"przeczytacie tutaj (opens in a new tab)\" href=\"https:\/\/remediumbag.eu\/remediumwp\/torebka-weganska-co-to-wlasciwie-znaczy\/\" target=\"_blank\" rel=\"noreferrer noopener\" class=\"rank-math-link\">przeczytacie tutaj<\/a>.<\/li><\/ul>\n\n\n\n<p>Torebki z washpapy mo\u017cna oczywi\u015bcie wypra\u0107, a nawet wyprasowa\u0107. Dla wszystkich obawiaj\u0105cych si\u0119 tego procesu pokazuj\u0119 jak to robi\u0119 <a aria-label=\"tutaj (opens in a new tab)\" href=\"https:\/\/remediumbag.eu\/remediumwp\/papier-do-szycia-instrukcja-obslugi\/\" target=\"_blank\" rel=\"noreferrer noopener\" class=\"rank-math-link\">tutaj<\/a>.<\/p>\n\n\n\n<p>Torby z brezentu lnianego przecieramy wilgotn\u0105 szmatk\u0105 &#8211; nie zalecam prania takiego lnu, poniewa\u017c mocno si\u0119 zagniata, chyba \u017ce chcecie uzyska\u0107 taki efekt.<\/p>\n\n\n\n<p>Torby z lnu mo\u017cemy wypra\u0107 w pralce i pozostawi\u0107 pogniecione, lub wyprasowa\u0107. Dla otrzymania odpowiedniego efektu polecam wtedy prasowanie jeszcze mokrego materia\u0142u. Taka opcja to nie tylko torba wega\u0144ska ale i naprawd\u0119 ekologiczna &#8211; len powstaje w EU i ulega biodegradacji.<\/p>\n<\/div>\n\n\n\n<div class=\"is-layout-flow wp-block-column\" style=\"flex-basis:33.33%\">\n<div class=\"is-layout-flow wp-block-group\"><div class=\"wp-block-group__inner-container\">\n<figure class=\"wp-block-image size-large is-style-default\"><img decoding=\"async\" width=\"567\" height=\"800\" src=\"https:\/\/remediumbag.eu\/remediumwp\/wp-content\/uploads\/2020\/12\/simple_pieprz_3.jpg\" alt=\"prosta torba w stylu szoper na rami\u0119 w zestawie z saszetk\u0105 na dokumenty i telefon\" class=\"wp-image-9908\" srcset=\"https:\/\/remediumbag.eu\/remediumwp\/wp-content\/uploads\/2020\/12\/simple_pieprz_3.jpg 567w, https:\/\/remediumbag.eu\/remediumwp\/wp-content\/uploads\/2020\/12\/simple_pieprz_3-284x400.jpg 284w, https:\/\/remediumbag.eu\/remediumwp\/wp-content\/uploads\/2020\/12\/simple_pieprz_3-400x564.jpg 400w\" sizes=\"(max-width: 567px) 100vw, 567px\" title=\"\"><\/figure>\n\n\n\n<figure class=\"wp-block-image size-large is-style-default\"><img decoding=\"async\" width=\"533\" height=\"800\" src=\"https:\/\/remediumbag.eu\/remediumwp\/wp-content\/uploads\/2019\/11\/sesja_podwojna_bw_44.jpg\" alt=\"Du\u017ca czarna torba na rami\u0119 prezentuje Justyna - zdj\u0119cie czarnobia\u0142e, modelka idzie na tle dworca fabrycznego w \u0141odzi, torba na rami\u0119 jest czarna (r\u00f3wnie\u017c w rzeczywisto\u015bci) z jednym uchwytem i si\u0119ga Justynie do uda.\" class=\"wp-image-8724\" srcset=\"https:\/\/remediumbag.eu\/remediumwp\/wp-content\/uploads\/2019\/11\/sesja_podwojna_bw_44.jpg 533w, https:\/\/remediumbag.eu\/remediumwp\/wp-content\/uploads\/2019\/11\/sesja_podwojna_bw_44-400x600.jpg 400w\" sizes=\"(max-width: 533px) 100vw, 533px\" title=\"\"><\/figure>\n<\/div><\/div>\n\n\n\n<div class=\"is-layout-flow wp-block-group\"><div class=\"wp-block-group__inner-container\"><\/div><\/div>\n\n\n\n<div class=\"is-layout-flow wp-block-group\"><div class=\"wp-block-group__inner-container\"><\/div><\/div>\n<\/div>\n<\/div>\n<\/div><\/div>\n\n\n\n<hr class=\"wp-block-separator is-style-wide\"\/>\n\n\n\n<div class=\"wp-block-media-text alignwide is-stacked-on-mobile\" style=\"grid-template-columns:40% auto\"><figure class=\"wp-block-media-text__media\"><a href=\"https:\/\/remediumbag.eu\/remediumwp\/sklep\/biodrowka-czyli-nerka\/\" target=\"_blank\" rel=\"noopener\"><img decoding=\"async\" width=\"1200\" height=\"800\" src=\"https:\/\/remediumbag.eu\/remediumwp\/wp-content\/uploads\/2020\/02\/IMG_6228-1200x800.jpg\" alt=\"saszetka do torby z papieru pomie\u015bci dokumenty i telefon. Mo\u017cna j\u0105 nosi\u0107 r\u00f3wnie\u017c na pasku, poniewa\u017c posiada odpowiedni\u0105 szlufk\u0119 na pasek.\" class=\"wp-image-9146 size-full\" srcset=\"https:\/\/remediumbag.eu\/remediumwp\/wp-content\/uploads\/2020\/02\/IMG_6228.jpg 1200w, https:\/\/remediumbag.eu\/remediumwp\/wp-content\/uploads\/2020\/02\/IMG_6228-400x267.jpg 400w, https:\/\/remediumbag.eu\/remediumwp\/wp-content\/uploads\/2020\/02\/IMG_6228-768x512.jpg 768w, https:\/\/remediumbag.eu\/remediumwp\/wp-content\/uploads\/2020\/02\/IMG_6228-600x400.jpg 600w, https:\/\/remediumbag.eu\/remediumwp\/wp-content\/uploads\/2020\/02\/IMG_6228-272x182.jpg 272w, https:\/\/remediumbag.eu\/remediumwp\/wp-content\/uploads\/2020\/02\/IMG_6228-680x452.jpg 680w, https:\/\/remediumbag.eu\/remediumwp\/wp-content\/uploads\/2020\/02\/IMG_6228-340x226.jpg 340w, https:\/\/remediumbag.eu\/remediumwp\/wp-content\/uploads\/2020\/02\/IMG_6228-740x494.jpg 740w, https:\/\/remediumbag.eu\/remediumwp\/wp-content\/uploads\/2020\/02\/IMG_6228-370x247.jpg 370w\" sizes=\"(max-width: 1200px) 100vw, 1200px\" title=\"\"><\/a><\/figure><div class=\"wp-block-media-text__content\">\n<h3>Saszetka<\/h3>\n\n\n\n<h4>Podstawowe wyposa\u017cenie du\u017cej torby<\/h4>\n\n\n\n<p>Cz\u0119sto przenosimy potrzebne dokumenty z torby wi\u0119kszej do mniejszej, lub po prostu do innego modelu. Pomy\u015bla\u0142am, \u017ce najlepiej mie\u0107 taki niedu\u017cy niezb\u0119dnik &#8211; saszetk\u0119, a skoro jest takich niedu\u017cych rozmiar\u00f3w, to m\u00f3g\u0142by jeszcze by\u0107 do tego nerk\u0105? To rozwi\u0105zanie sprawia, \u017ce czujemy si\u0119 bezpieczniej z du\u017c\u0105 otwart\u0105 torb\u0105 &#8211; saszetk\u0119 mo\u017cna przypi\u0105\u0107 do k\u00f3\u0142ka w \u015brodku torby. <\/p>\n\n\n\n<p>Saszetka jest sta\u0142ym podstawowym wyposa\u017ceniem du\u017cych toreb Remediumbag. Saszetki wyposa\u017cone s\u0105 w k\u00f3\u0142ko metalowe, lub szlufk\u0119 na tylnej \u015bciance, tak, \u017ce mo\u017cna nosi\u0107 j\u0105 r\u00f3wnie\u017c osobno na pasku. Saszetka pomie\u015bci telefon i dokumenty. <\/p>\n\n\n\n<p>W \u015brodku torby znajduj\u0119 si\u0119 te\u017c smycz na klucze z k\u00f3\u0142kiem metalowym i karabi\u0144czykiem. Metal jest tu najlepszym rozwi\u0105zaniem, poniewa\u017c jest trwa\u0142y, a w procesom w recyklingu podlega w\u0142a\u015bciwie w nieograniczony spos\u00f3b (mo\u017ce by\u0107 przerabiany wielokrotnie).<\/p>\n<\/div><\/div>\n\n\n\n<div class=\"wp-block-media-text alignwide is-stacked-on-mobile\" style=\"grid-template-columns:38% auto\"><figure class=\"wp-block-media-text__media\"><a href=\"https:\/\/remediumbag.eu\/remediumwp\/sklep\/teczka-a4-a5\/\" target=\"_blank\" rel=\"noopener\"><img decoding=\"async\" width=\"533\" height=\"800\" src=\"https:\/\/remediumbag.eu\/remediumwp\/wp-content\/uploads\/2020\/02\/IMG_6242-533x800.jpg\" alt=\"teczka jak z papieru - na zdj\u0119ciu komplet czarnych teczek z papieru od mniejszej na telefon i dokumenty, przez \u015bredni\u0105 mieszcz\u0105c\u0105 rozmiar A5 do wi\u0119kszej o rozmiarze A4\" class=\"wp-image-9119 size-full\" srcset=\"https:\/\/remediumbag.eu\/remediumwp\/wp-content\/uploads\/2020\/02\/IMG_6242-533x800.jpg 533w, https:\/\/remediumbag.eu\/remediumwp\/wp-content\/uploads\/2020\/02\/IMG_6242-267x400.jpg 267w, https:\/\/remediumbag.eu\/remediumwp\/wp-content\/uploads\/2020\/02\/IMG_6242-768x1152.jpg 768w, https:\/\/remediumbag.eu\/remediumwp\/wp-content\/uploads\/2020\/02\/IMG_6242-1024x1536.jpg 1024w, https:\/\/remediumbag.eu\/remediumwp\/wp-content\/uploads\/2020\/02\/IMG_6242-scaled.jpg 1365w, https:\/\/remediumbag.eu\/remediumwp\/wp-content\/uploads\/2020\/02\/IMG_6242-400x600.jpg 400w, https:\/\/remediumbag.eu\/remediumwp\/wp-content\/uploads\/2020\/02\/IMG_6242-1200x1800.jpg 1200w\" sizes=\"(max-width: 533px) 100vw, 533px\" title=\"\"><\/a><\/figure><div class=\"wp-block-media-text__content\">\n<h3>Teczki &#8211; du\u017ce i mniejsze<\/h3>\n\n\n\n<p>Dodatkowe wyposa\u017cenie du\u017cej torby<\/p>\n\n\n\n<p>Proste teczki s\u0105 dodatkowym wyposa\u017ceniem, kt\u00f3re przyda si\u0119 zar\u00f3wno w du\u017cej torbie, w domu, jak i w biurze, czy szkole. Podobnie jak w ca\u0142ej serii kroje s\u0105 minimalistyczne, a ma\u0142e saszetki posiadaj\u0105 k\u00f3\u0142ko do wpinania. Zapinane s\u0105 na magnes. Du\u017ca teczka pomie\u015bci format A4, mniejsza zaprojektowana jest dla formatu A5, a mniejsza na drobne dokumenty. <\/p>\n\n\n\n<p>Saszetka \u015brednia i mniejsza mog\u0105 te\u017c s\u0142u\u017cy\u0107 jak kosmetyczki, czy innego rodzaju przyborniki &#8211; pi\u00f3rniki. Mo\u017cna je pra\u0107, co jest ich dodatkow\u0105 zalet\u0105.<\/p>\n<\/div><\/div>\n\n\n\n<div class=\"wp-block-media-text alignwide is-stacked-on-mobile\" style=\"grid-template-columns:37% auto\"><figure class=\"wp-block-media-text__media\"><a href=\"https:\/\/remediumbag.eu\/remediumwp\/sklep\/portfel-papierowy-po-prostu-czarny-aged\/\" target=\"_blank\" rel=\"noopener\"><img decoding=\"async\" width=\"533\" height=\"800\" src=\"https:\/\/remediumbag.eu\/remediumwp\/wp-content\/uploads\/2020\/10\/portfel-vegan-fashion.jpg\" alt=\"portfel papierowy wega\u0144ski\" class=\"wp-image-9464 size-full\" srcset=\"https:\/\/remediumbag.eu\/remediumwp\/wp-content\/uploads\/2020\/10\/portfel-vegan-fashion.jpg 533w, https:\/\/remediumbag.eu\/remediumwp\/wp-content\/uploads\/2020\/10\/portfel-vegan-fashion-267x400.jpg 267w, https:\/\/remediumbag.eu\/remediumwp\/wp-content\/uploads\/2020\/10\/portfel-vegan-fashion-400x600.jpg 400w, https:\/\/remediumbag.eu\/remediumwp\/wp-content\/uploads\/2020\/10\/portfel-vegan-fashion-370x555.jpg 370w\" sizes=\"(max-width: 533px) 100vw, 533px\" title=\"\"><\/a><\/figure><div class=\"wp-block-media-text__content\">\n<h3>Porfel <\/h3>\n\n\n\n<p>Dodatkowe wyposa\u017cenie du\u017cej torby<\/p>\n\n\n\n<p>Portfel wega\u0144ski wykonany z Washpapy to dodatkowa propozycja Remediumbag. Jest to cz\u0119sto poszukiwana alternatywa do sk\u00f3rzanych portfeli dlatego pojawi\u0142a si\u0119 w ofercie. Projekt jest bardzo minimalistyczny, ale praktyczny &#8211; ma dwie przegr\u00f3dki, na karty i na got\u00f3wk\u0119, a tak\u017ce miejsce z zak\u0142adkami do przechowania paragon\u00f3w, czy wizyt\u00f3wek.<\/p>\n<\/div><\/div>\n\n\n<style>.wp-block-kadence-spacer.kt-block-spacer-_6c5b1d-4f .kt-block-spacer{height:60px;}.wp-block-kadence-spacer.kt-block-spacer-_6c5b1d-4f .kt-divider{border-top-width:1px;height:1px;border-top-color:#eee;width:80%;border-top-style:solid;}<\/style>\n<div class=\"wp-block-kadence-spacer aligncenter kt-block-spacer-_6c5b1d-4f\"><div class=\"kt-block-spacer kt-block-spacer-halign-center\" style=\"height:60px\"><hr class=\"kt-divider\" style=\"border-top-color:rgba(238, 238, 238, 1);border-top-width:1px;width:80%;border-top-style:solid\"\/><\/div><\/div>\n\n\n\n<p>Torba z papieru jest trwa\u0142a, por\u00f3wnywalnie do naturalnych tkanin typu bawe\u0142na. Jest wra\u017cliwa oczywi\u015bcie na mocne szarpni\u0119cia &#8211; mo\u017ce to spowodowa\u0107 naderwanie materia\u0142u w szwach. Pami\u0119tajcie, \u017ce z regu\u0142y mo\u017cna takie naderwanie naprawi\u0107. Napiszcie do mnie, gdyby co\u015b takiego wam si\u0119 wydarzy\u0142o.<\/p>\n\n\n\n<p>Modele te ci\u0105gle wracaj\u0105 w nowych ods\u0142onach, materia\u0142ach i kolejnych sesjach, np. w tej ze <a aria-label=\"mn\u0105 (opens in a new tab)\" rel=\"noreferrer noopener\" href=\"https:\/\/remediumbag.eu\/remediumwp\/portfolio\/rozne-torebki-jak-sie-nosza\/\" target=\"_blank\" class=\"rank-math-link\">mn\u0105<\/a>.<\/p>\n\n\n\n<p>Remediumbag znajduje si\u0119 r\u00f3wnie\u017c oficjalnie na li\u015bcie <a aria-label=\"sklep\u00f3w wolnych od futer (opens in a new tab)\" href=\"https:\/\/www.otwarteklatki.pl\/sklepy-wolne-od-futer\" target=\"_blank\" rel=\"noreferrer noopener\" class=\"rank-math-link\">sklep\u00f3w wolnych od futer<\/a>. Remediumbag to nie tylko torba wega\u0144ska ale i wega\u0144ska wega\u0144ska marka, co oznacza, \u017ce nie tylko wolna od futer, ale i innych materia\u0142\u00f3w odzwierz\u0119cych. Je\u015bli jeste\u015bcie ciekawe i ciekawi, kt\u00f3re du\u017ce marki \u015bwiatowe (i te mniejsze autorskie) znalaz\u0142y si\u0119 w programie Fur free retailers zajrzyjcie <a aria-label=\"tutaj (opens in a new tab)\" href=\"https:\/\/furfreeretailer.com\/\" target=\"_blank\" rel=\"noreferrer noopener nofollow\" class=\"rank-math-link\">tutaj<\/a>.<\/p>\n\n\n\n<p>Ca\u0142a kolekcja znajduje si\u0119 w sklepie w kategorii <a aria-label=\"Po Prostu (opens in a new tab)\" href=\"https:\/\/remediumbag.eu\/remediumwp\/kategoria-produktu\/po-prostu\/\" target=\"_blank\" rel=\"noreferrer noopener\" class=\"rank-math-link\">Po Prostu<\/a>.<\/p>\n\n\n<style>.wp-block-kadence-spacer.kt-block-spacer-_6f2ced-29 .kt-block-spacer{height:60px;}.wp-block-kadence-spacer.kt-block-spacer-_6f2ced-29 .kt-divider{border-top-width:1px;height:1px;border-top-color:#eee;width:80%;border-top-style:solid;}<\/style>\n<div class=\"wp-block-kadence-spacer aligncenter kt-block-spacer-_6f2ced-29\"><div class=\"kt-block-spacer kt-block-spacer-halign-center\" style=\"height:60px\"><hr class=\"kt-divider\" style=\"border-top-color:rgba(238, 238, 238, 1);border-top-width:1px;width:80%;border-top-style:solid\"\/><\/div><\/div>\n\n\n\n<p><\/p>\n","protected":false},"excerpt":{"rendered":"<p>Kolekcja du\u017cych i \u015brednich torebek  o prostym minimalistycznym kroju z lnu oraz z wega\u0144skiego materia\u0142u washpapa &#8211; troch\u0119 jak papier, troch\u0119 jak sk\u00f3ra.<\/p>\n","protected":false},"author":1,"featured_media":9905,"comment_status":"closed","ping_status":"open","sticky":false,"template":"","format":"standard","meta":{"kt_blocks_editor_width":""},"categories":[26,29,28],"tags":[215,70,69,83,239],"amp_enabled":true,"_links":{"self":[{"href":"https:\/\/remediumbag.eu\/remediumwp\/wp-json\/wp\/v2\/posts\/10090"}],"collection":[{"href":"https:\/\/remediumbag.eu\/remediumwp\/wp-json\/wp\/v2\/posts"}],"about":[{"href":"https:\/\/remediumbag.eu\/remediumwp\/wp-json\/wp\/v2\/types\/post"}],"author":[{"embeddable":true,"href":"https:\/\/remediumbag.eu\/remediumwp\/wp-json\/wp\/v2\/users\/1"}],"replies":[{"embeddable":true,"href":"https:\/\/remediumbag.eu\/remediumwp\/wp-json\/wp\/v2\/comments?post=10090"}],"version-history":[{"count":10,"href":"https:\/\/remediumbag.eu\/remediumwp\/wp-json\/wp\/v2\/posts\/10090\/revisions"}],"predecessor-version":[{"id":10120,"href":"https:\/\/remediumbag.eu\/remediumwp\/wp-json\/wp\/v2\/posts\/10090\/revisions\/10120"}],"wp:featuredmedia":[{"embeddable":true,"href":"https:\/\/remediumbag.eu\/remediumwp\/wp-json\/wp\/v2\/media\/9905"}],"wp:attachment":[{"href":"https:\/\/remediumbag.eu\/remediumwp\/wp-json\/wp\/v2\/media?parent=10090"}],"wp:term":[{"taxonomy":"category","embeddable":true,"href":"https:\/\/remediumbag.eu\/remediumwp\/wp-json\/wp\/v2\/categories?post=10090"},{"taxonomy":"post_tag","embeddable":true,"href":"https:\/\/remediumbag.eu\/remediumwp\/wp-json\/wp\/v2\/tags?post=10090"}],"curies":[{"name":"wp","href":"https:\/\/api.w.org\/{rel}","templated":true}]}}