{"id":8760,"date":"2021-01-08T11:54:28","date_gmt":"2021-01-08T10:54:28","guid":{"rendered":"https:\/\/remediumbag.eu\/remediumwp\/?p=8760"},"modified":"2021-02-18T14:21:41","modified_gmt":"2021-02-18T13:21:41","slug":"torebka-weganska-co-to-wlasciwie-znaczy","status":"publish","type":"post","link":"https:\/\/remediumbag.eu\/remediumwp\/torebka-weganska-co-to-wlasciwie-znaczy\/","title":{"rendered":"Torebka wega\u0144ska, co to w\u0142a\u015bciwie znaczy?"},"content":{"rendered":"\n<p>Kiedy decydujemy si\u0119 na wegetarianizm, czy weganizm z powod\u00f3w etycznych, razem z wyborem jak b\u0119dzie wygl\u0105da\u0142a nasza dieta id\u0105 wybory w innych dziedzinach \u017cycia.  Te najbardziej namacalne zwi\u0105zane s\u0105 z codziennymi zakupami, dlatego na sta\u0142e ju\u017c przygl\u0105damy si\u0119 sk\u0142adom kosmetyk\u00f3w, szukaj\u0105c znaczka &#8220;crulety free&#8221;, czy &#8220;vegan&#8221;. <\/p>\n\n\n\n<p>Zaraz potem b\u0119d\u0105 to zakupy ubra\u0144, but\u00f3w i r\u00f3\u017cnego rodzaju akcesori\u00f3w &#8211; zamiast torby sk\u00f3rzanej zaczynamy poszukiwania w\u0142a\u015bnie torebki wega\u0144skiej. Okre\u015blenie &#8220;moda wega\u0144ska&#8221; nie jest popularne w j\u0119zyku polskim, a kiedy wspominam, \u017ce zajmuj\u0119 si\u0119 projektowaniem i produkcj\u0105 wega\u0144skich toreb, spotykam si\u0119 cz\u0119sto ze sporym zdziwieniem: &#8220;jak to, torebka wega\u0144ska? Czyli jaka? Przecie\u017c to nie jest do jedzenia \ud83d\ude09<\/p>\n\n\n\n<p>Zacznijmy zatem od tego, co to jest weganizm. Za Wikipedi\u0105, ju\u017c na samym pocz\u0105tku definicji zobaczymy, \u017ce poj\u0119cie to dawno nie obejmuj\u0119 tylko \u017cywieniowych upodoba\u0144:<\/p>\n\n\n\n<p><\/p>\n\n\n\n<div class=\"wp-block-cover has-background-dim-30 has-background-dim has-parallax has-custom-content-position is-position-bottom-center\" style=\"background-image:url(https:\/\/remediumbag.eu\/remediumwp\/wp-content\/uploads\/2021\/01\/IMAG1307.jpg);min-height:300px\"><div class=\"wp-block-cover__inner-container\">\n<p class=\"has-text-align-left\" style=\"font-size:24px\"><em><strong><a href=\"https:\/\/pl.wikipedia.org\/wiki\/Weganizm\" target=\"_blank\" aria-label=\"Weganizm (opens in a new tab)\" rel=\"noreferrer noopener nofollow\" class=\"rank-math-link\">Weganizm<\/a><\/strong>&nbsp;\u2013&nbsp;styl \u017cycia, kt\u00f3rego jedn\u0105 z cech jest stosowanie&nbsp;diety&nbsp;wega\u0144skiej, czyli rezygnacja ze spo\u017cywania produkt\u00f3w zwierz\u0119cych. Weganie d\u0105\u017c\u0105 jednak do wyeliminowania produkt\u00f3w pochodzenia zwierz\u0119cego nie tylko z diety, ale r\u00f3wnie\u017c ze wszystkich innych aspekt\u00f3w \u017cycia.<\/em><\/p>\n<\/div><\/div>\n\n\n<style>.wp-block-kadence-spacer.kt-block-spacer-_852e2d-f0 .kt-block-spacer{height:60px;}.wp-block-kadence-spacer.kt-block-spacer-_852e2d-f0 .kt-divider{border-top-width:1px;height:1px;border-top-color:#eee;width:80%;border-top-style:solid;}<\/style>\n<div class=\"wp-block-kadence-spacer aligncenter kt-block-spacer-_852e2d-f0\"><div class=\"kt-block-spacer kt-block-spacer-halign-center\" style=\"height:60px\"><hr class=\"kt-divider\" style=\"border-top-color:rgba(238, 238, 238, 1);border-top-width:1px;width:80%;border-top-style:solid\"\/><\/div><\/div>\n\n\n\n<p>Podobnie jest w przypadku <a href=\"https:\/\/pl.wikipedia.org\/wiki\/Wegetarianizm\" target=\"_blank\" aria-label=\" (opens in a new tab)\" rel=\"noreferrer noopener nofollow\" class=\"rank-math-link\">wegetarianizmu<\/a> &#8211; cho\u0107 kojarzy si\u0119 z sam\u0105 diet\u0105, wyb\u00f3r jest cz\u0119sto oparty na g\u0142\u0119bokiej empatii dla zwierz\u0105t. W takim przypadku zatem weganizm i wegetarianizm, to nie tylko wyb\u00f3r diety, ale styl \u017cycia i filozofia.<\/p>\n\n\n\n<p> Wchodz\u0105c w codzienno\u015b\u0107 napotykamy na ro\u017cne zakupowe &#8220;schody&#8221;. Pami\u0119tam odwieczny dylemat w czasie poszukiwa\u0144 but\u00f3w (teraz jest ciut \u0142atwiej, ale ci\u0105gle nie \u0142atwo), pask\u00f3w (w zasadzie nie nosz\u0119), ale r\u00f3wnie\u017c czapek i swetr\u00f3w.<\/p>\n\n\n\n<p><\/p>\n\n\n<style>.wp-block-kadence-advancedheading.kt-adv-heading_df8fb7-ae, .wp-block-kadence-advancedheading.kt-adv-heading_df8fb7-ae[data-kb-block=\"kb-adv-heading_df8fb7-ae\"]{font-style:normal;}.wp-block-kadence-advancedheading.kt-adv-heading_df8fb7-ae mark, .wp-block-kadence-advancedheading.kt-adv-heading_df8fb7-ae[data-kb-block=\"kb-adv-heading_df8fb7-ae\"] mark{font-style:normal;color:#f76a0c;padding-top:0px;padding-right:0px;padding-bottom:0px;padding-left:0px;}<\/style>\n<h2 class=\"kt-adv-heading_df8fb7-ae wp-block-kadence-advancedheading\" data-kb-block=\"kb-adv-heading_df8fb7-ae\">Czego nie zawieraj\u0105 produkty wega\u0144skie? <\/h2>\n\n\n\n<p>Wychodz\u0105c poza diet\u0119, wega\u0144skie i wegetaria\u0144skie produkty nie zawieraj\u0105:<\/p>\n\n\n\n<div class=\"is-layout-flow wp-block-group\"><div class=\"wp-block-group__inner-container\">\n<ul><li> sk\u00f3ry (torby,portfele,buty, kurtki.. ale tak\u017ce &#8220;designerskie&#8221; metki do ubra\u0144),<\/li><li>futra,<\/li><li>pierza (kurtki puchowe, ko\u0142dry, poduszki),<\/li><li>prz\u0119dzy jedwabnej (cho\u0107 istnieje &#8220;dziki jedwab&#8221; produkowany z pustych kokon\u00f3w),<\/li><li>we\u0142ny od wszelakich zwierz\u0105t (r\u00f3wnie\u017c istniej\u0105 certyfikaty etycznej produkcji).<\/li><\/ul>\n\n\n\n<div class=\"wp-block-cover has-custom-content-position is-position-bottom-left\" style=\"background-image:url(https:\/\/remediumbag.eu\/remediumwp\/wp-content\/uploads\/2020\/11\/001-4-scaled.jpg);min-height:300px;background-position:50% 90%\"><div class=\"wp-block-cover__inner-container\">\n<p class=\"has-text-align-left has-normal-font-size\">torebka wega\u0144ska ze specjalnego papieru do szycia, kt\u00f3ry mo\u017cna pra\u0107 i prasowa\u0107<\/p>\n<\/div><\/div>\n<\/div><\/div>\n\n\n<style>.wp-block-kadence-spacer.kt-block-spacer-_f0cfae-57 .kt-block-spacer{height:60px;}.wp-block-kadence-spacer.kt-block-spacer-_f0cfae-57 .kt-divider{border-top-width:1px;height:1px;border-top-color:#eee;width:57%;border-top-style:solid;}<\/style>\n<div class=\"wp-block-kadence-spacer aligncenter kt-block-spacer-_f0cfae-57\"><div class=\"kt-block-spacer kt-block-spacer-halign-center\" style=\"height:60px\"><hr class=\"kt-divider\" style=\"border-top-color:rgba(238, 238, 238, 1);border-top-width:1px;width:57%;border-top-style:solid\"\/><\/div><\/div>\n\n\n\n<p>Najcz\u0119\u015bciej mamy do czynienia z problem &#8220;sk\u00f3rzanym&#8221;, poniewa\u017c ze sk\u00f3ry, produkowane jest bardzo du\u017co akcesori\u00f3w jak torebki damskie, torby m\u0119skie (wyznacznik presti\u017cu!), r\u0119kawiczki, odzie\u017c, paski, portfele, a zatem produkty, z kt\u00f3rych normalnie funkcjonuj\u0105c zawsze korzystamy. Do tego sk\u00f3ra uwa\u017cana jest za eleganck\u0105, ekologiczn\u0105, a przy tym jest trwa\u0142a, dlatego konsumentom tak trudno j\u0105 porzuci\u0107. <\/p>\n\n\n\n<p>Co do ekologii, to wiadomo ju\u017c, \u017ce masowe pozyskiwanie sk\u00f3r (jak i innych materia\u0142\u00f3w), a w szczeg\u00f3lno\u015bci garbowanie i barwienie nie jest ekologiczne. Dochodzi do tego, jak w ca\u0142ym &#8220;fast fashion&#8221;, problem zarobk\u00f3w pracownik\u00f3w tej bran\u017cy (a raczej ich wyzysku) i niebezpiecznych warunk\u00f3w pracy. Mitem te\u017c jest stwierdzenie, \u017ce jest materia\u0142em naturalnym &#8211; w procesie obr\u00f3bki, sk\u00f3ra traci t\u0119 naturalno\u015b\u0107 i jest <a href=\"https:\/\/ekonsument.pl\/a66922_toksyczne_buty.html\" target=\"_blank\" aria-label=\" (opens in a new tab)\" rel=\"noreferrer noopener\" class=\"rank-math-link\">nafaszerowana chemi\u0105<\/a>. To jest raczej recykling sk\u00f3ry, a nie otrzymywanie naturalnego materia\u0142u.<br><\/p>\n\n\n<style>.wp-block-kadence-advancedheading.kt-adv-heading_bc96c0-b8, .wp-block-kadence-advancedheading.kt-adv-heading_bc96c0-b8[data-kb-block=\"kb-adv-heading_bc96c0-b8\"]{font-style:normal;}.wp-block-kadence-advancedheading.kt-adv-heading_bc96c0-b8 mark, .wp-block-kadence-advancedheading.kt-adv-heading_bc96c0-b8[data-kb-block=\"kb-adv-heading_bc96c0-b8\"] mark{font-style:normal;color:#f76a0c;padding-top:0px;padding-right:0px;padding-bottom:0px;padding-left:0px;}<\/style>\n<h2 class=\"kt-adv-heading_bc96c0-b8 wp-block-kadence-advancedheading\" data-kb-block=\"kb-adv-heading_bc96c0-b8\">Jakie s\u0105 materia\u0142y alternatywne do sk\u00f3ry?<\/h2>\n\n\n\n<p>Materia\u0142y przypominaj\u0105ce wygl\u0105dem, czy w\u0142a\u015bciwo\u015bciami sk\u00f3r\u0119 nazywamy <strong>wega\u0144sk\u0105 sk\u00f3r\u0105<\/strong> (od okre\u015blnia angielskiego &#8220;<strong>vegan leather<\/strong>&#8220;).  W Polsce z\u0142\u0105 s\u0142aw\u0105 okry\u0142a si\u0119 tzw. ekologiczna sk\u00f3ra, prawdopodobnie za spraw\u0105 nadu\u017cy\u0107 typu greenwashing oraz s\u0142abej jako\u015bci produkt\u00f3w w ta\u0144szych sklepach czy na bazarach. Nazwa &#8221; wega\u0144ska sk\u00f3ra &#8221; jest dlatego obecnie ch\u0119tniej u\u017cywana przez producent\u00f3w nowych alternatywnych materia\u0142\u00f3w, dystrybutor\u00f3w i sprzedawc\u00f3w. Odcinamy si\u0119 od owianej ju\u017c z\u0142\u0105 s\u0142aw\u0105 tzw. ekosk\u00f3ry,&nbsp;kt\u00f3ra z regu\u0142y nie jest eko!<\/p>\n\n\n<style>.wp-block-kadence-advancedheading.kt-adv-heading_8052f0-bc, .wp-block-kadence-advancedheading.kt-adv-heading_8052f0-bc[data-kb-block=\"kb-adv-heading_8052f0-bc\"]{font-style:normal;}.wp-block-kadence-advancedheading.kt-adv-heading_8052f0-bc mark, .wp-block-kadence-advancedheading.kt-adv-heading_8052f0-bc[data-kb-block=\"kb-adv-heading_8052f0-bc\"] mark{font-style:normal;color:#f76a0c;padding-top:0px;padding-right:0px;padding-bottom:0px;padding-left:0px;}<\/style>\n<h3 class=\"kt-adv-heading_8052f0-bc wp-block-kadence-advancedheading\" data-kb-block=\"kb-adv-heading_8052f0-bc\">Jakie znajdziemy przyk\u0142ady wega\u0144skiej sk\u00f3ry na polskim rynku?<\/h3>\n\n\n\n<div class=\"is-layout-flow wp-block-group\"><div class=\"wp-block-group__inner-container\">\n<div class=\"wp-block-media-text alignwide is-stacked-on-mobile\" style=\"grid-template-columns:43% auto\"><figure class=\"wp-block-media-text__media\"><img decoding=\"async\" width=\"533\" height=\"800\" src=\"https:\/\/remediumbag.eu\/remediumwp\/wp-content\/uploads\/2019\/12\/mokra-washpapa-3-533x800.jpg\" alt=\"mokra washpapa tzw. wega\u0144ska sk\u00f3ra, z kt\u00f3rej mo\u017ce powsta\u0107 torebka wega\u0144ska\" class=\"wp-image-8794 size-full\" srcset=\"https:\/\/remediumbag.eu\/remediumwp\/wp-content\/uploads\/2019\/12\/mokra-washpapa-3-533x800.jpg 533w, https:\/\/remediumbag.eu\/remediumwp\/wp-content\/uploads\/2019\/12\/mokra-washpapa-3-267x400.jpg 267w, https:\/\/remediumbag.eu\/remediumwp\/wp-content\/uploads\/2019\/12\/mokra-washpapa-3-768x1152.jpg 768w, https:\/\/remediumbag.eu\/remediumwp\/wp-content\/uploads\/2019\/12\/mokra-washpapa-3-400x600.jpg 400w, https:\/\/remediumbag.eu\/remediumwp\/wp-content\/uploads\/2019\/12\/mokra-washpapa-3.jpg 800w\" sizes=\"(max-width: 533px) 100vw, 533px\" title=\"\"><\/figure><div class=\"wp-block-media-text__content\">\n<p>W produkcji toreb i torebek wega\u0144skich na rynku polskim spotkamy najcz\u0119\u015bciej nast\u0119puj\u0105ce materia\u0142y:<\/p>\n\n\n\n<ul id=\"block-79f2da3a-e068-438e-ac0e-8a5a0391c375\"><li>tkaniny z domieszk\u0105 surowca pochodzenia naturalnego, cz\u0119sto produkowane w duchu zero-waste, np. tzw. sk\u00f3ra z ananasa, jab\u0142ka. (ang. plant leather, plant based leather)<\/li><li>tkaniny pokryte warstw\u0105 korka, tzw. cork leather,<\/li><li>ekosk\u00f3ry nowej generacji &#8211; o r\u00f3\u017cnych sk\u0142adach, ale produkowane z poszanowaniem \u015brodowiska np. na bazie silikonu,<\/li><li>tkanina papierowa (washable craft paper) produkowana z celulozy i lateksu.<\/li><li>papier syntetyczny Tyvek &#8211; wersja gruba i gnieciona naprawd\u0119 przypomina sk\u00f3r\u0119, cie\u0144sza raczej papier.<\/li><\/ul>\n<\/div><\/div>\n\n\n\n<p><\/p>\n<\/div><\/div>\n\n\n\n<p>S\u0105 to zazwyczaj lokalne europejskie produkcje z my\u015bl\u0105 o ekologii, z wbudowanymi dobrymi praktykami \u015brodowiskowymi. Ale uwaga! Ten sam materia\u0142 mo\u017ce pochodzi\u0107 zar\u00f3wno z UE jak i z Chin, dlatego warto zapyta\u0107 z jakiego kraju pochodzi dany materia\u0142 (tak jest w przypadku papieru i tyveku). <\/p>\n\n\n\n<h3>Torebka wega\u0144ska, a trwa\u0142o\u015b\u0107 materia\u0142\u00f3w<\/h3>\n\n\n\n<p>Torba wega\u0144ska wykonana z powy\u017cszych materia\u0142\u00f3w b\u0119dzie nie tylko oryginalna, ale r\u00f3wnie\u017c trwa\u0142a. Najtrwalszym z powy\u017cszych materia\u0142\u00f3w, w zastosowaniu do torebek, wydaje mi si\u0119 tkanina kryta korkiem, jednak trzeba pami\u0119ta\u0107, \u017ce jest to materia\u0142 z\u0142o\u017cony (naturalny korek nak\u0142adany jest na materia\u0142 no\u015bny). Sk\u00f3ra z ananasa, zapewne z uwagi na cen\u0119, wykorzystywana jest do produkcji mniejszych dodatk\u00f3w, typu portfele i but\u00f3w. Je\u015bli chodzi o polski startup jab\u0142kowy to nie mia\u0142am jeszcze tego materia\u0142u w r\u0119kach, ale z opisu producent\u00f3w wynika, \u017ce jest to twardszy materia\u0142 r\u00f3wnie\u017c do mniejszych gabaryt\u00f3w. <\/p>\n\n\n\n<p>Tkanina papierowa &#8211; Washpapa &#8211; r\u00f3wnie\u017c jest materia\u0142em trwa\u0142ym, ale nara\u017conym na naderwania &#8211; no\u015bno\u015b\u0107 szw\u00f3w por\u00f3wna\u0142abym do torby z materia\u0142u typu sur\u00f3wka bawe\u0142niana &#8211; du\u017ce obci\u0105\u017cenia i szarpni\u0119cia mog\u0105 nadwyr\u0119\u017cy\u0107 szew. Raz naprawia\u0142am klientce torebk\u0119, za kt\u00f3r\u0105 mocno szarpn\u0119\u0142o dziecko.<\/p>\n\n\n\n<p>Obecne kolekcje Remediumbag to g\u0142\u00f3wnie torebki damskie z papieru, czy raczej tkaniny papierowej (Washpapy) i lnu. Nied\u0142ugo pojawi\u0105 si\u0119 tak\u017ce torby z tkanin vintage wypatrzonych na stokach tkanin i na prywatnych aukcjach. Uka\u017ce si\u0119 te\u017c mini kolekcja z korka. O tkaninach alterantywnych do sk\u00f3ry w mojej pracowni pisz\u0119 <a href=\"https:\/\/remediumbag.eu\/remediumwp\/tkaniny-alternatywne\/\" target=\"_blank\" aria-label=\"tutaj (opens in a new tab)\" rel=\"noreferrer noopener\" class=\"rank-math-link\">tutaj<\/a>.<\/p>\n\n\n\n<div class=\"wp-block-image is-style-default\"><figure class=\"alignright size-large is-resized\"><img decoding=\"async\" src=\"https:\/\/remediumbag.eu\/remediumwp\/wp-content\/uploads\/2019\/04\/kopertowka-korkowa-543x800.jpg\" alt=\"przedstawiam du\u017c\u0105 kopert\u00f3wk\u0119 z tkaniny korkowej\" class=\"wp-image-9859\" width=\"367\" height=\"540\" srcset=\"https:\/\/remediumbag.eu\/remediumwp\/wp-content\/uploads\/2019\/04\/kopertowka-korkowa-543x800.jpg 543w, https:\/\/remediumbag.eu\/remediumwp\/wp-content\/uploads\/2019\/04\/kopertowka-korkowa-271x400.jpg 271w, https:\/\/remediumbag.eu\/remediumwp\/wp-content\/uploads\/2019\/04\/kopertowka-korkowa-768x1132.jpg 768w, https:\/\/remediumbag.eu\/remediumwp\/wp-content\/uploads\/2019\/04\/kopertowka-korkowa-1042x1536.jpg 1042w, https:\/\/remediumbag.eu\/remediumwp\/wp-content\/uploads\/2019\/04\/kopertowka-korkowa-1389x2048.jpg 1389w, https:\/\/remediumbag.eu\/remediumwp\/wp-content\/uploads\/2019\/04\/kopertowka-korkowa-400x590.jpg 400w, https:\/\/remediumbag.eu\/remediumwp\/wp-content\/uploads\/2019\/04\/kopertowka-korkowa-1200x1769.jpg 1200w, https:\/\/remediumbag.eu\/remediumwp\/wp-content\/uploads\/2019\/04\/kopertowka-korkowa-scaled.jpg 814w\" sizes=\"(max-width: 367px) 100vw, 367px\" title=\"\"><figcaption>kopet\u00f3wka z tkaniny krytej korkiem tzw. cork leather<\/figcaption><\/figure><\/div>\n\n\n\n<div class=\"is-layout-flex wp-container-4 wp-block-columns\">\n<div class=\"is-layout-flow wp-block-column\" style=\"flex-basis:100%\">\n<p><\/p>\n<\/div>\n<\/div>\n\n\n<style>.wp-block-kadence-advancedheading.kt-adv-heading_a91818-34, .wp-block-kadence-advancedheading.kt-adv-heading_a91818-34[data-kb-block=\"kb-adv-heading_a91818-34\"]{font-style:normal;}.wp-block-kadence-advancedheading.kt-adv-heading_a91818-34 mark, .wp-block-kadence-advancedheading.kt-adv-heading_a91818-34[data-kb-block=\"kb-adv-heading_a91818-34\"] mark{font-style:normal;color:#f76a0c;padding-top:0px;padding-right:0px;padding-bottom:0px;padding-left:0px;}<\/style>\n<h2 class=\"kt-adv-heading_a91818-34 wp-block-kadence-advancedheading\" data-kb-block=\"kb-adv-heading_a91818-34\">Torba ekologiczna, czyli jaka?<\/h2>\n\n\n\n<p>W tradycyjnym podej\u015bciu do ekologii torba ekologiczna to ta wykonana z materia\u0142\u00f3w naturalnych, takich jak len, konopie, juta, zr\u00f3wnowa\u017cona bawe\u0142na. Te materia\u0142y zawsze by\u0142y obecne w nurcie mody wega\u0144skiej. Obecnie du\u017co si\u0119 robi, aby jak najwi\u0119cej bawe\u0142ny produkowanej by\u0142o w spos\u00f3b zr\u00f3wnowa\u017cony, poniewa\u017c konwencjonalna uprawa to pestycydy, ogromne ilo\u015bci wody i problemy spo\u0142eczne kraj\u00f3w globalnego po\u0142udnia. W mniejszym stopniu dotyczy to lnu, czy konopi, poniewa\u017c ro\u015bliny te s\u0105 mniej wymagaj\u0105ce, a do tego mog\u0105 pochodzi\u0107 z Europy.&nbsp;Z jut\u0105 te\u017c jest problem, poniewa\u017c surowiec pochodzi, czy te\u017c produkowana jest w pa\u0144stwach, gdzie nie szanuje si\u0119 praw pracowniczych. <\/p>\n\n\n\n<p>Specjalnie u\u017cy\u0142am powy\u017cej zwrotu &#8220;tradycyjnie ekologiczne&#8221;, poniewa\u017c wraz z rozwojem technik produkcji na ratunek przychodz\u0105 nam produkowane w spos\u00f3b odpowiedzialny tkaniny bambusowe, nylon, tencel, czy poliester z recyklnigu. Wi\u0119cej o nowoczesnych ekologicznych tkaninach przeczytacie na blogu <a aria-label=\" (opens in a new tab)\" href=\"https:\/\/michalzaczynski.com\/2020\/10\/30\/trwale-mile-mniej-szkodliwe-przewodnik-po-30-tkaninach-ktore-dadza-planecie-oddech\/?fbclid=IwAR1BJniELJWrc_v0SSW0nlPQjZ1N4zAUK-NBOykeiASK8oZpIygihX3PlB4\" target=\"_blank\" rel=\"noreferrer noopener\" class=\"rank-math-link\">Micha\u0142a Zaczy\u0144skiego<\/a>.<\/p>\n\n\n\n<p><\/p>\n\n\n<style>.wp-block-kadence-advancedheading.kt-adv-heading_491688-1c, .wp-block-kadence-advancedheading.kt-adv-heading_491688-1c[data-kb-block=\"kb-adv-heading_491688-1c\"]{font-style:normal;}.wp-block-kadence-advancedheading.kt-adv-heading_491688-1c mark, .wp-block-kadence-advancedheading.kt-adv-heading_491688-1c[data-kb-block=\"kb-adv-heading_491688-1c\"] mark{font-style:normal;color:#f76a0c;padding-top:0px;padding-right:0px;padding-bottom:0px;padding-left:0px;}<\/style>\n<h2 class=\"kt-adv-heading_491688-1c wp-block-kadence-advancedheading\" data-kb-block=\"kb-adv-heading_491688-1c\">Wega\u0144skie materia\u0142y to etyczna moda<\/h2>\n\n\n\n<p>Wega\u0144ska moda, bez wyzysku zwierz\u0105t i bez materia\u0142\u00f3w odzwierz\u0119cych jest silnie spleciona z mod\u0105 etyczn\u0105.  Marki etyczne w opozycji do fast fashion realizuj\u0105 potrzeby obecnych pokole\u0144 z szacunkiem do \u015brodowiska i do potrzeb pokole\u0144 przysz\u0142ych. Jedn\u0105 z bardziej rozpoznawalnych kampanii tej bran\u017cy jest kampania <a href=\"https:\/\/www.fashionrevolution.org\/\" target=\"_blank\" aria-label=\" (opens in a new tab)\" rel=\"noreferrer noopener\" class=\"rank-math-link\">Fashion Revolution<\/a> &#8220;Who made my clothes&#8221;.<\/p>\n\n\n\n<p>W Polsce kampani\u0119 <a href=\"https:\/\/www.otwarteklatki.pl\/sklepy-wolne-od-futer\" target=\"_blank\" aria-label=\" (opens in a new tab)\" rel=\"noreferrer noopener\" class=\"rank-math-link\">&#8220;sklepy wolne od futer&#8221;<\/a> prowadzi stowarzyszenie &#8220;Otwarte klatki&#8221;  (Remediumbag, jest tam li\u015bcie! ). Mi\u0119dzynarodowe certyfikaty &#8220;cruelty free&#8221;, najbardziej rozpowszechnione w bran\u017cy kosmetycznej, przyznaje <a href=\"https:\/\/www.peta.org\/\" target=\"_blank\" aria-label=\" (opens in a new tab)\" rel=\"noreferrer noopener\" class=\"rank-math-link\">Peta<\/a>.<\/p>\n\n\n\n<p>Wszystkie te wybory nie b\u0119d\u0105 jednak istotne je\u015bli na ko\u0144cu tego procesu nie b\u0119dziemy odpowiedzialnymi konsumentami. Jedno to odpowiedzialno\u015b\u0107 wytw\u00f3rcy i producenta, a drugie, to o wiele d\u0142u\u017csza historia \u017cycia produktu. U\u017cywajmy, naprawiajmy, kupujmy z drugiej r\u0119ki i wymieniajmy si\u0119. To jest przysz\u0142o\u015b\u0107 odpowiedzialnej mody.<\/p>\n\n\n<style>.wp-block-kadence-spacer.kt-block-spacer-_05e5b6-bc .kt-block-spacer{height:60px;}.wp-block-kadence-spacer.kt-block-spacer-_05e5b6-bc .kt-divider{border-top-width:1px;height:1px;border-top-color:#eee;width:80%;border-top-style:solid;}<\/style>\n<div class=\"wp-block-kadence-spacer aligncenter kt-block-spacer-_05e5b6-bc\"><div class=\"kt-block-spacer kt-block-spacer-halign-center\" style=\"height:60px\"><hr class=\"kt-divider\" style=\"border-top-color:rgba(238, 238, 238, 1);border-top-width:1px;width:80%;border-top-style:solid\"\/><\/div><\/div>\n\n\n\n<p>Przy zapisie na Newsletter (zak\u0142adka kontakt), kt\u00f3ry wysy\u0142am raz w miesi\u0105cu, przesy\u0142am aktywny kupon na pierwsze zakupy ze zni\u017ck\u0105 -15%. Pisz\u0119 nie tylko o nowo\u015bciach w sklepie, zapowiedziach kolekcji, ale r\u00f3wnie\u017c o tym, co ciekawego s\u0142ycha\u0107 w \u015bwiecie odpowiedzialnej mody. Zapraszam!<\/p>\n\n\n<style>.wp-block-kadence-spacer.kt-block-spacer-_c99dd4-e6 .kt-block-spacer{height:60px;}.wp-block-kadence-spacer.kt-block-spacer-_c99dd4-e6 .kt-divider{border-top-width:1px;height:1px;border-top-color:#eee;width:80%;border-top-style:solid;}<\/style>\n<div class=\"wp-block-kadence-spacer aligncenter kt-block-spacer-_c99dd4-e6\"><div class=\"kt-block-spacer kt-block-spacer-halign-center\" style=\"height:60px\"><hr class=\"kt-divider\" style=\"border-top-color:rgba(238, 238, 238, 1);border-top-width:1px;width:80%;border-top-style:solid\"\/><\/div><\/div>\n\n\n<div data-block-name=\"woocommerce\/product-tag\" data-columns=\"4\" data-content-visibility=\"{&quot;title&quot;:true,&quot;price&quot;:true,&quot;rating&quot;:false,&quot;button&quot;:false}\" data-tags=\"[166,181,142,217,216,162,167]\" class=\"wc-block-grid wp-block-product-tag wc-block-product-tag has-4-columns has-multiple-rows\"><ul class=\"wc-block-grid__products\"><li class=\"wc-block-grid__product\">\n\t\t\t\t<a href=\"https:\/\/remediumbag.eu\/remediumwp\/sklep\/kopertowka-podwojna-czarna-na-linie-czarnej\/\" class=\"wc-block-grid__product-link\">\n\t\t\t\t\t<div class=\"wc-block-grid__product-image\"><img width=\"400\" height=\"600\" src=\"https:\/\/remediumbag.eu\/remediumwp\/wp-content\/uploads\/2020\/12\/kopertowa-lina-granat-1-400x600.jpg\" class=\"attachment-woocommerce_thumbnail size-woocommerce_thumbnail\" alt=\"kopert\u00f3wka podw\u00f3jna jak z papieru, kt\u00f3r\u0105 mo\u017cna pra\u0107. Torebka czarna na granatowej linie \u017ceglarskiej.\" decoding=\"async\" srcset=\"https:\/\/remediumbag.eu\/remediumwp\/wp-content\/uploads\/2020\/12\/kopertowa-lina-granat-1-400x600.jpg 400w, https:\/\/remediumbag.eu\/remediumwp\/wp-content\/uploads\/2020\/12\/kopertowa-lina-granat-1-267x400.jpg 267w, https:\/\/remediumbag.eu\/remediumwp\/wp-content\/uploads\/2020\/12\/kopertowa-lina-granat-1-533x800.jpg 533w, https:\/\/remediumbag.eu\/remediumwp\/wp-content\/uploads\/2020\/12\/kopertowa-lina-granat-1-768x1152.jpg 768w, https:\/\/remediumbag.eu\/remediumwp\/wp-content\/uploads\/2020\/12\/kopertowa-lina-granat-1-rotated-740x1110.jpg 740w, https:\/\/remediumbag.eu\/remediumwp\/wp-content\/uploads\/2020\/12\/kopertowa-lina-granat-1-rotated-370x555.jpg 370w, https:\/\/remediumbag.eu\/remediumwp\/wp-content\/uploads\/2020\/12\/kopertowa-lina-granat-1-rotated.jpg 800w\" sizes=\"(max-width: 400px) 100vw, 400px\" title=\"\"><\/div>\n\t\t\t\t\t<div class=\"wc-block-grid__product-title\">kopert\u00f3wka podw\u00f3jna czarna na linie czarnej<\/div>\n\t\t\t\t<\/a>\n\t\t\t\t\n\t\t\t\t<div class=\"wc-block-grid__product-price price\"><span class=\"woocommerce-Price-amount amount\"><bdi>230,00&nbsp;<span class=\"woocommerce-Price-currencySymbol\">&#122;&#322;<\/span><\/bdi><\/span><\/div>\n\t\t\t\t\n\t\t\t\t\n\t\t\t<\/li><li class=\"wc-block-grid__product\">\n\t\t\t\t<a href=\"https:\/\/remediumbag.eu\/remediumwp\/sklep\/torba-plecak-plotno-gleboka-czern\/\" class=\"wc-block-grid__product-link\">\n\t\t\t\t\t<div class=\"wc-block-grid__product-image\"><img width=\"400\" height=\"449\" src=\"https:\/\/remediumbag.eu\/remediumwp\/wp-content\/uploads\/2021\/11\/IMG_9319-400x449.jpg\" class=\"attachment-woocommerce_thumbnail size-woocommerce_thumbnail\" alt=\"torba plecak czarny bezdro\u017ca z p\u0142\u00f3tna bawe\u0142nianego\" decoding=\"async\" srcset=\"https:\/\/remediumbag.eu\/remediumwp\/wp-content\/uploads\/2021\/11\/IMG_9319-400x449.jpg 400w, https:\/\/remediumbag.eu\/remediumwp\/wp-content\/uploads\/2021\/11\/IMG_9319-713x800.jpg 713w, https:\/\/remediumbag.eu\/remediumwp\/wp-content\/uploads\/2021\/11\/IMG_9319-768x862.jpg 768w, https:\/\/remediumbag.eu\/remediumwp\/wp-content\/uploads\/2021\/11\/IMG_9319-740x830.jpg 740w, https:\/\/remediumbag.eu\/remediumwp\/wp-content\/uploads\/2021\/11\/IMG_9319-370x415.jpg 370w, https:\/\/remediumbag.eu\/remediumwp\/wp-content\/uploads\/2021\/11\/IMG_9319.jpg 1069w\" sizes=\"(max-width: 400px) 100vw, 400px\" title=\"\"><\/div>\n\t\t\t\t\t<div class=\"wc-block-grid__product-title\">Torba plecak p\u0142\u00f3tno g\u0142\u0119boka czer\u0144<\/div>\n\t\t\t\t<\/a>\n\t\t\t\t\n\t\t\t\t<div class=\"wc-block-grid__product-price price\"><span class=\"woocommerce-Price-amount amount\"><bdi>220,00&nbsp;<span class=\"woocommerce-Price-currencySymbol\">&#122;&#322;<\/span><\/bdi><\/span><\/div>\n\t\t\t\t\n\t\t\t\t\n\t\t\t<\/li><li class=\"wc-block-grid__product\">\n\t\t\t\t<a href=\"https:\/\/remediumbag.eu\/remediumwp\/sklep\/torba-plecak-jak-z-papieru-skorupka\/\" class=\"wc-block-grid__product-link\">\n\t\t\t\t\t<div class=\"wc-block-grid__product-image\"><img width=\"400\" height=\"563\" src=\"https:\/\/remediumbag.eu\/remediumwp\/wp-content\/uploads\/2021\/11\/IMG_9296-400x563.jpg\" class=\"attachment-woocommerce_thumbnail size-woocommerce_thumbnail\" alt=\"torba plecak jak z papieru w kolorze skorupki orzecha w\u0142oskiego\" decoding=\"async\" srcset=\"https:\/\/remediumbag.eu\/remediumwp\/wp-content\/uploads\/2021\/11\/IMG_9296-400x563.jpg 400w, https:\/\/remediumbag.eu\/remediumwp\/wp-content\/uploads\/2021\/11\/IMG_9296-568x800.jpg 568w, https:\/\/remediumbag.eu\/remediumwp\/wp-content\/uploads\/2021\/11\/IMG_9296-768x1082.jpg 768w, https:\/\/remediumbag.eu\/remediumwp\/wp-content\/uploads\/2021\/11\/IMG_9296-740x1042.jpg 740w, https:\/\/remediumbag.eu\/remediumwp\/wp-content\/uploads\/2021\/11\/IMG_9296-370x521.jpg 370w, https:\/\/remediumbag.eu\/remediumwp\/wp-content\/uploads\/2021\/11\/IMG_9296.jpg 852w\" sizes=\"(max-width: 400px) 100vw, 400px\" title=\"\"><\/div>\n\t\t\t\t\t<div class=\"wc-block-grid__product-title\">Torba plecak jak z papieru orzech w\u0142oski<\/div>\n\t\t\t\t<\/a>\n\t\t\t\t\n\t\t\t\t<div class=\"wc-block-grid__product-price price\"><span class=\"woocommerce-Price-amount amount\"><bdi>220,00&nbsp;<span class=\"woocommerce-Price-currencySymbol\">&#122;&#322;<\/span><\/bdi><\/span><\/div>\n\t\t\t\t\n\t\t\t\t\n\t\t\t<\/li><li class=\"wc-block-grid__product\">\n\t\t\t\t<a href=\"https:\/\/remediumbag.eu\/remediumwp\/sklep\/torba-plecak-jak-z-papieru-papierowybraz\/\" class=\"wc-block-grid__product-link\">\n\t\t\t\t\t<div class=\"wc-block-grid__product-image\"><img width=\"400\" height=\"600\" src=\"https:\/\/remediumbag.eu\/remediumwp\/wp-content\/uploads\/2021\/11\/IMG_9295min-400x600.jpg\" class=\"attachment-woocommerce_thumbnail size-woocommerce_thumbnail\" alt=\"torba plecak jak z papieru w kolorze papieru pakowego\" decoding=\"async\" srcset=\"https:\/\/remediumbag.eu\/remediumwp\/wp-content\/uploads\/2021\/11\/IMG_9295min-400x600.jpg 400w, https:\/\/remediumbag.eu\/remediumwp\/wp-content\/uploads\/2021\/11\/IMG_9295min-533x800.jpg 533w, https:\/\/remediumbag.eu\/remediumwp\/wp-content\/uploads\/2021\/11\/IMG_9295min-768x1152.jpg 768w, https:\/\/remediumbag.eu\/remediumwp\/wp-content\/uploads\/2021\/11\/IMG_9295min-740x1110.jpg 740w, https:\/\/remediumbag.eu\/remediumwp\/wp-content\/uploads\/2021\/11\/IMG_9295min-370x555.jpg 370w, https:\/\/remediumbag.eu\/remediumwp\/wp-content\/uploads\/2021\/11\/IMG_9295min.jpg 800w\" sizes=\"(max-width: 400px) 100vw, 400px\" title=\"\"><\/div>\n\t\t\t\t\t<div class=\"wc-block-grid__product-title\">Torba plecak jak z papieru jasny br\u0105z papieru<\/div>\n\t\t\t\t<\/a>\n\t\t\t\t\n\t\t\t\t<div class=\"wc-block-grid__product-price price\"><span class=\"woocommerce-Price-amount amount\"><bdi>220,00&nbsp;<span class=\"woocommerce-Price-currencySymbol\">&#122;&#322;<\/span><\/bdi><\/span><\/div>\n\t\t\t\t\n\t\t\t\t\n\t\t\t<\/li><li class=\"wc-block-grid__product\">\n\t\t\t\t<a href=\"https:\/\/remediumbag.eu\/remediumwp\/sklep\/torba-plecak-jak-z-papieru-kawowa\/\" class=\"wc-block-grid__product-link\">\n\t\t\t\t\t<div class=\"wc-block-grid__product-image\"><img width=\"400\" height=\"559\" src=\"https:\/\/remediumbag.eu\/remediumwp\/wp-content\/uploads\/2021\/11\/IMG_9301-400x559.jpg\" class=\"attachment-woocommerce_thumbnail size-woocommerce_thumbnail\" alt=\"torba plecak w kolorze kawy z mlekiem z materia\u0142y jak papier\" decoding=\"async\" srcset=\"https:\/\/remediumbag.eu\/remediumwp\/wp-content\/uploads\/2021\/11\/IMG_9301-400x559.jpg 400w, https:\/\/remediumbag.eu\/remediumwp\/wp-content\/uploads\/2021\/11\/IMG_9301-573x800.jpg 573w, https:\/\/remediumbag.eu\/remediumwp\/wp-content\/uploads\/2021\/11\/IMG_9301-768x1073.jpg 768w, https:\/\/remediumbag.eu\/remediumwp\/wp-content\/uploads\/2021\/11\/IMG_9301-740x1034.jpg 740w, https:\/\/remediumbag.eu\/remediumwp\/wp-content\/uploads\/2021\/11\/IMG_9301-370x517.jpg 370w, https:\/\/remediumbag.eu\/remediumwp\/wp-content\/uploads\/2021\/11\/IMG_9301.jpg 859w\" sizes=\"(max-width: 400px) 100vw, 400px\" title=\"\"><\/div>\n\t\t\t\t\t<div class=\"wc-block-grid__product-title\">Torba plecak jak z papieru kawowa<\/div>\n\t\t\t\t<\/a>\n\t\t\t\t\n\t\t\t\t<div class=\"wc-block-grid__product-price price\"><span class=\"woocommerce-Price-amount amount\"><bdi>220,00&nbsp;<span class=\"woocommerce-Price-currencySymbol\">&#122;&#322;<\/span><\/bdi><\/span><\/div>\n\t\t\t\t\n\t\t\t\t\n\t\t\t<\/li><li class=\"wc-block-grid__product\">\n\t\t\t\t<a href=\"https:\/\/remediumbag.eu\/remediumwp\/sklep\/torba-plecak-jak-z-papieru-szara\/\" class=\"wc-block-grid__product-link\">\n\t\t\t\t\t<div class=\"wc-block-grid__product-image\"><img width=\"400\" height=\"600\" src=\"https:\/\/remediumbag.eu\/remediumwp\/wp-content\/uploads\/2021\/11\/IMG_9306-400x600.jpg\" class=\"attachment-woocommerce_thumbnail size-woocommerce_thumbnail\" alt=\"torba plecak jak z papieru szary kamie\u0144\" decoding=\"async\" srcset=\"https:\/\/remediumbag.eu\/remediumwp\/wp-content\/uploads\/2021\/11\/IMG_9306-400x600.jpg 400w, https:\/\/remediumbag.eu\/remediumwp\/wp-content\/uploads\/2021\/11\/IMG_9306-533x800.jpg 533w, https:\/\/remediumbag.eu\/remediumwp\/wp-content\/uploads\/2021\/11\/IMG_9306-768x1152.jpg 768w, https:\/\/remediumbag.eu\/remediumwp\/wp-content\/uploads\/2021\/11\/IMG_9306-740x1110.jpg 740w, https:\/\/remediumbag.eu\/remediumwp\/wp-content\/uploads\/2021\/11\/IMG_9306-370x555.jpg 370w, https:\/\/remediumbag.eu\/remediumwp\/wp-content\/uploads\/2021\/11\/IMG_9306.jpg 800w\" sizes=\"(max-width: 400px) 100vw, 400px\" title=\"\"><\/div>\n\t\t\t\t\t<div class=\"wc-block-grid__product-title\">Torba plecak jak z papieru szara<\/div>\n\t\t\t\t<\/a>\n\t\t\t\t\n\t\t\t\t<div class=\"wc-block-grid__product-price price\"><span class=\"woocommerce-Price-amount amount\"><bdi>220,00&nbsp;<span class=\"woocommerce-Price-currencySymbol\">&#122;&#322;<\/span><\/bdi><\/span><\/div>\n\t\t\t\t\n\t\t\t\t\n\t\t\t<\/li><li class=\"wc-block-grid__product\">\n\t\t\t\t<a href=\"https:\/\/remediumbag.eu\/remediumwp\/sklep\/torba-lniana-naturalna\/\" class=\"wc-block-grid__product-link\">\n\t\t\t\t\t<div class=\"wc-block-grid__product-image\"><img width=\"400\" height=\"598\" src=\"https:\/\/remediumbag.eu\/remediumwp\/wp-content\/uploads\/2021\/03\/torba-lniana-naturalna-5-400x598.jpg\" class=\"attachment-woocommerce_thumbnail size-woocommerce_thumbnail\" alt=\"torba lniana naturalna w kolorze jasno-szarym lekko w lekko zielonkawym odcieniu\" decoding=\"async\" srcset=\"https:\/\/remediumbag.eu\/remediumwp\/wp-content\/uploads\/2021\/03\/torba-lniana-naturalna-5-400x598.jpg 400w, https:\/\/remediumbag.eu\/remediumwp\/wp-content\/uploads\/2021\/03\/torba-lniana-naturalna-5-535x800.jpg 535w, https:\/\/remediumbag.eu\/remediumwp\/wp-content\/uploads\/2021\/03\/torba-lniana-naturalna-5-768x1147.jpg 768w, https:\/\/remediumbag.eu\/remediumwp\/wp-content\/uploads\/2021\/03\/torba-lniana-naturalna-5-740x1106.jpg 740w, https:\/\/remediumbag.eu\/remediumwp\/wp-content\/uploads\/2021\/03\/torba-lniana-naturalna-5-370x553.jpg 370w, https:\/\/remediumbag.eu\/remediumwp\/wp-content\/uploads\/2021\/03\/torba-lniana-naturalna-5.jpg 1000w\" sizes=\"(max-width: 400px) 100vw, 400px\" title=\"\"><\/div>\n\t\t\t\t\t<div class=\"wc-block-grid__product-title\">Torba lniana Naturalna<\/div>\n\t\t\t\t<\/a>\n\t\t\t\t\n\t\t\t\t<div class=\"wc-block-grid__product-price price\"><span class=\"woocommerce-Price-amount amount\"><bdi>150,00&nbsp;<span class=\"woocommerce-Price-currencySymbol\">&#122;&#322;<\/span><\/bdi><\/span><\/div>\n\t\t\t\t\n\t\t\t\t\n\t\t\t<\/li><li class=\"wc-block-grid__product\">\n\t\t\t\t<a href=\"https:\/\/remediumbag.eu\/remediumwp\/sklep\/czarna-torba-lniana-1\/\" class=\"wc-block-grid__product-link\">\n\t\t\t\t\t<div class=\"wc-block-grid__product-image\"><img width=\"400\" height=\"600\" src=\"https:\/\/remediumbag.eu\/remediumwp\/wp-content\/uploads\/2021\/03\/IMG_8386-400x600.jpg\" class=\"attachment-woocommerce_thumbnail size-woocommerce_thumbnail\" alt=\"Czarna torba lniana Czarny Bez - torba du\u017ca w rodzaju torby na zakupy z dwoma do\u015b\u0107 d\u0142ugimi uchwytami r\u00f3wnie\u017c lnianymi. T\u0142o grafitowe.\" decoding=\"async\" srcset=\"https:\/\/remediumbag.eu\/remediumwp\/wp-content\/uploads\/2021\/03\/IMG_8386-400x600.jpg 400w, https:\/\/remediumbag.eu\/remediumwp\/wp-content\/uploads\/2021\/03\/IMG_8386-533x800.jpg 533w, https:\/\/remediumbag.eu\/remediumwp\/wp-content\/uploads\/2021\/03\/IMG_8386-768x1152.jpg 768w, https:\/\/remediumbag.eu\/remediumwp\/wp-content\/uploads\/2021\/03\/IMG_8386-740x1110.jpg 740w, https:\/\/remediumbag.eu\/remediumwp\/wp-content\/uploads\/2021\/03\/IMG_8386-370x555.jpg 370w, https:\/\/remediumbag.eu\/remediumwp\/wp-content\/uploads\/2021\/03\/IMG_8386.jpg 1000w\" sizes=\"(max-width: 400px) 100vw, 400px\" title=\"\"><\/div>\n\t\t\t\t\t<div class=\"wc-block-grid__product-title\">Torba lniana Czarny bez<\/div>\n\t\t\t\t<\/a>\n\t\t\t\t\n\t\t\t\t<div class=\"wc-block-grid__product-price price\"><span class=\"woocommerce-Price-amount amount\"><bdi>150,00&nbsp;<span class=\"woocommerce-Price-currencySymbol\">&#122;&#322;<\/span><\/bdi><\/span><\/div>\n\t\t\t\t\n\t\t\t\t\n\t\t\t<\/li><li class=\"wc-block-grid__product\">\n\t\t\t\t<a href=\"https:\/\/remediumbag.eu\/remediumwp\/sklep\/torba-z-papieru-po-prostu-z-printem-3\/\" class=\"wc-block-grid__product-link\">\n\t\t\t\t\t<div class=\"wc-block-grid__product-image\"><img width=\"400\" height=\"267\" src=\"https:\/\/remediumbag.eu\/remediumwp\/wp-content\/uploads\/2020\/12\/torba-simple-szara-5-400x267.jpg\" class=\"attachment-woocommerce_thumbnail size-woocommerce_thumbnail\" alt=\"Du\u017ca torba z papieru z szarym printem na ca\u0142ej powierzchni, na czarnym pasku. Do noszenia na ramieniu..\" decoding=\"async\" srcset=\"https:\/\/remediumbag.eu\/remediumwp\/wp-content\/uploads\/2020\/12\/torba-simple-szara-5-400x267.jpg 400w, https:\/\/remediumbag.eu\/remediumwp\/wp-content\/uploads\/2020\/12\/torba-simple-szara-5.jpg 1200w, https:\/\/remediumbag.eu\/remediumwp\/wp-content\/uploads\/2020\/12\/torba-simple-szara-5-768x512.jpg 768w, https:\/\/remediumbag.eu\/remediumwp\/wp-content\/uploads\/2020\/12\/torba-simple-szara-5-600x400.jpg 600w, https:\/\/remediumbag.eu\/remediumwp\/wp-content\/uploads\/2020\/12\/torba-simple-szara-5-272x182.jpg 272w, https:\/\/remediumbag.eu\/remediumwp\/wp-content\/uploads\/2020\/12\/torba-simple-szara-5-740x494.jpg 740w, https:\/\/remediumbag.eu\/remediumwp\/wp-content\/uploads\/2020\/12\/torba-simple-szara-5-370x247.jpg 370w\" sizes=\"(max-width: 400px) 100vw, 400px\" title=\"\"><\/div>\n\t\t\t\t\t<div class=\"wc-block-grid__product-title\">du\u017ca torba z papieru po prostu z printem<\/div>\n\t\t\t\t<\/a>\n\t\t\t\t\n\t\t\t\t<div class=\"wc-block-grid__product-price price\"><span class=\"woocommerce-Price-amount amount\"><bdi>220,00&nbsp;<span class=\"woocommerce-Price-currencySymbol\">&#122;&#322;<\/span><\/bdi><\/span><\/div>\n\t\t\t\t\n\t\t\t\t\n\t\t\t<\/li><li class=\"wc-block-grid__product\">\n\t\t\t\t<a href=\"https:\/\/remediumbag.eu\/remediumwp\/sklep\/torba-z-papieru-po-prostu-z-printem-2\/\" class=\"wc-block-grid__product-link\">\n\t\t\t\t\t<div class=\"wc-block-grid__product-image\"><img width=\"400\" height=\"545\" src=\"https:\/\/remediumbag.eu\/remediumwp\/wp-content\/uploads\/2020\/12\/torba-simple-narrow-1-400x545.jpg\" class=\"attachment-woocommerce_thumbnail size-woocommerce_thumbnail\" alt=\"torba z papieru z grafitowym printem na ca\u0142ej powierzchni. Torba typu szoperka, ale w\u0119\u017csza i mniejsza, z widoczn\u0105 kieszonk\u0105 na zewn\u0105trz, kt\u00f3r\u0105 mo\u017cna zdj\u0105\u0107 i nosi\u0107 na pasku.\" decoding=\"async\" srcset=\"https:\/\/remediumbag.eu\/remediumwp\/wp-content\/uploads\/2020\/12\/torba-simple-narrow-1-400x545.jpg 400w, https:\/\/remediumbag.eu\/remediumwp\/wp-content\/uploads\/2020\/12\/torba-simple-narrow-1-294x400.jpg 294w, https:\/\/remediumbag.eu\/remediumwp\/wp-content\/uploads\/2020\/12\/torba-simple-narrow-1-587x800.jpg 587w, https:\/\/remediumbag.eu\/remediumwp\/wp-content\/uploads\/2020\/12\/torba-simple-narrow-1-768x1046.jpg 768w, https:\/\/remediumbag.eu\/remediumwp\/wp-content\/uploads\/2020\/12\/torba-simple-narrow-1-740x1008.jpg 740w, https:\/\/remediumbag.eu\/remediumwp\/wp-content\/uploads\/2020\/12\/torba-simple-narrow-1-370x504.jpg 370w, https:\/\/remediumbag.eu\/remediumwp\/wp-content\/uploads\/2020\/12\/torba-simple-narrow-1.jpg 881w\" sizes=\"(max-width: 400px) 100vw, 400px\" title=\"\"><\/div>\n\t\t\t\t\t<div class=\"wc-block-grid__product-title\">torba z papieru po prostu z printem<\/div>\n\t\t\t\t<\/a>\n\t\t\t\t\n\t\t\t\t<div class=\"wc-block-grid__product-price price\"><span class=\"woocommerce-Price-amount amount\"><bdi>200,00&nbsp;<span class=\"woocommerce-Price-currencySymbol\">&#122;&#322;<\/span><\/bdi><\/span><\/div>\n\t\t\t\t\n\t\t\t\t\n\t\t\t<\/li><li class=\"wc-block-grid__product\">\n\t\t\t\t<a href=\"https:\/\/remediumbag.eu\/remediumwp\/sklep\/torba-z-papieru-po-prostu-z-printem-1\/\" class=\"wc-block-grid__product-link\">\n\t\t\t\t\t<div class=\"wc-block-grid__product-image\"><img width=\"400\" height=\"554\" src=\"https:\/\/remediumbag.eu\/remediumwp\/wp-content\/uploads\/2020\/12\/torba-simple-papier-1-400x554.jpg\" class=\"attachment-woocommerce_thumbnail size-woocommerce_thumbnail\" alt=\"smuk\u0142a mniejsza torba z papieru na rami\u0119 typu szoperka. Unikalna z powodu niepowtarzalnego grafitowego printu.\" decoding=\"async\" srcset=\"https:\/\/remediumbag.eu\/remediumwp\/wp-content\/uploads\/2020\/12\/torba-simple-papier-1-400x554.jpg 400w, https:\/\/remediumbag.eu\/remediumwp\/wp-content\/uploads\/2020\/12\/torba-simple-papier-1-289x400.jpg 289w, https:\/\/remediumbag.eu\/remediumwp\/wp-content\/uploads\/2020\/12\/torba-simple-papier-1-577x800.jpg 577w, https:\/\/remediumbag.eu\/remediumwp\/wp-content\/uploads\/2020\/12\/torba-simple-papier-1-768x1064.jpg 768w, https:\/\/remediumbag.eu\/remediumwp\/wp-content\/uploads\/2020\/12\/torba-simple-papier-1-740x1026.jpg 740w, https:\/\/remediumbag.eu\/remediumwp\/wp-content\/uploads\/2020\/12\/torba-simple-papier-1-370x513.jpg 370w, https:\/\/remediumbag.eu\/remediumwp\/wp-content\/uploads\/2020\/12\/torba-simple-papier-1.jpg 866w\" sizes=\"(max-width: 400px) 100vw, 400px\" title=\"\"><\/div>\n\t\t\t\t\t<div class=\"wc-block-grid__product-title\">torba z papieru po prostu z printem<\/div>\n\t\t\t\t<\/a>\n\t\t\t\t\n\t\t\t\t<div class=\"wc-block-grid__product-price price\"><span class=\"woocommerce-Price-amount amount\"><bdi>200,00&nbsp;<span class=\"woocommerce-Price-currencySymbol\">&#122;&#322;<\/span><\/bdi><\/span><\/div>\n\t\t\t\t\n\t\t\t\t\n\t\t\t<\/li><li class=\"wc-block-grid__product\">\n\t\t\t\t<a href=\"https:\/\/remediumbag.eu\/remediumwp\/sklep\/kopertowka-podwojna-czarna-na-linie-2\/\" class=\"wc-block-grid__product-link\">\n\t\t\t\t\t<div class=\"wc-block-grid__product-image\"><img width=\"400\" height=\"600\" src=\"https:\/\/remediumbag.eu\/remediumwp\/wp-content\/uploads\/2020\/12\/kopertowa-lina-granat-1-400x600.jpg\" class=\"attachment-woocommerce_thumbnail size-woocommerce_thumbnail\" alt=\"kopert\u00f3wka podw\u00f3jna jak z papieru, kt\u00f3r\u0105 mo\u017cna pra\u0107. Torebka czarna na granatowej linie \u017ceglarskiej.\" decoding=\"async\" srcset=\"https:\/\/remediumbag.eu\/remediumwp\/wp-content\/uploads\/2020\/12\/kopertowa-lina-granat-1-400x600.jpg 400w, https:\/\/remediumbag.eu\/remediumwp\/wp-content\/uploads\/2020\/12\/kopertowa-lina-granat-1-267x400.jpg 267w, https:\/\/remediumbag.eu\/remediumwp\/wp-content\/uploads\/2020\/12\/kopertowa-lina-granat-1-533x800.jpg 533w, https:\/\/remediumbag.eu\/remediumwp\/wp-content\/uploads\/2020\/12\/kopertowa-lina-granat-1-768x1152.jpg 768w, https:\/\/remediumbag.eu\/remediumwp\/wp-content\/uploads\/2020\/12\/kopertowa-lina-granat-1-rotated-740x1110.jpg 740w, https:\/\/remediumbag.eu\/remediumwp\/wp-content\/uploads\/2020\/12\/kopertowa-lina-granat-1-rotated-370x555.jpg 370w, https:\/\/remediumbag.eu\/remediumwp\/wp-content\/uploads\/2020\/12\/kopertowa-lina-granat-1-rotated.jpg 800w\" sizes=\"(max-width: 400px) 100vw, 400px\" title=\"\"><\/div>\n\t\t\t\t\t<div class=\"wc-block-grid__product-title\">kopert\u00f3wka podw\u00f3jna czarna na linie<\/div>\n\t\t\t\t<\/a>\n\t\t\t\t\n\t\t\t\t<div class=\"wc-block-grid__product-price price\"><span class=\"woocommerce-Price-amount amount\"><bdi>230,00&nbsp;<span class=\"woocommerce-Price-currencySymbol\">&#122;&#322;<\/span><\/bdi><\/span><\/div>\n\t\t\t\t\n\t\t\t\t\n\t\t\t<\/li><\/ul><\/div>","protected":false},"excerpt":{"rendered":"<p>Kiedy decydujemy si\u0119 na wegetarianizm, czy weganizm z powod\u00f3w etycznych, razem z wyborem jak b\u0119dzie wygl\u0105da\u0142a nasza dieta id\u0105 wybory w innych dziedzinach \u017cycia. Te najbardziej namacalne zwi\u0105zane s\u0105 z codziennymi zakupami, dlatego na sta\u0142e ju\u017c przygl\u0105damy si\u0119 sk\u0142adom kosmetyk\u00f3w, &hellip; <a href=\"https:\/\/remediumbag.eu\/remediumwp\/torebka-weganska-co-to-wlasciwie-znaczy\/\">Czytaj wi\u0119cej<\/a><\/p>\n","protected":false},"author":1,"featured_media":9912,"comment_status":"closed","ping_status":"open","sticky":true,"template":"","format":"standard","meta":{"kt_blocks_editor_width":"sidebar"},"categories":[34,32,4,33,54],"tags":[238,86,70,95,215],"amp_enabled":true,"_links":{"self":[{"href":"https:\/\/remediumbag.eu\/remediumwp\/wp-json\/wp\/v2\/posts\/8760"}],"collection":[{"href":"https:\/\/remediumbag.eu\/remediumwp\/wp-json\/wp\/v2\/posts"}],"about":[{"href":"https:\/\/remediumbag.eu\/remediumwp\/wp-json\/wp\/v2\/types\/post"}],"author":[{"embeddable":true,"href":"https:\/\/remediumbag.eu\/remediumwp\/wp-json\/wp\/v2\/users\/1"}],"replies":[{"embeddable":true,"href":"https:\/\/remediumbag.eu\/remediumwp\/wp-json\/wp\/v2\/comments?post=8760"}],"version-history":[{"count":6,"href":"https:\/\/remediumbag.eu\/remediumwp\/wp-json\/wp\/v2\/posts\/8760\/revisions"}],"predecessor-version":[{"id":10505,"href":"https:\/\/remediumbag.eu\/remediumwp\/wp-json\/wp\/v2\/posts\/8760\/revisions\/10505"}],"wp:featuredmedia":[{"embeddable":true,"href":"https:\/\/remediumbag.eu\/remediumwp\/wp-json\/wp\/v2\/media\/9912"}],"wp:attachment":[{"href":"https:\/\/remediumbag.eu\/remediumwp\/wp-json\/wp\/v2\/media?parent=8760"}],"wp:term":[{"taxonomy":"category","embeddable":true,"href":"https:\/\/remediumbag.eu\/remediumwp\/wp-json\/wp\/v2\/categories?post=8760"},{"taxonomy":"post_tag","embeddable":true,"href":"https:\/\/remediumbag.eu\/remediumwp\/wp-json\/wp\/v2\/tags?post=8760"}],"curies":[{"name":"wp","href":"https:\/\/api.w.org\/{rel}","templated":true}]}}